{"id":414,"date":"2013-02-04T00:00:03","date_gmt":"2013-02-03T23:00:03","guid":{"rendered":"http:\/\/elcabilo.com\/radio\/?p=414"},"modified":"2013-02-03T20:47:34","modified_gmt":"2013-02-03T19:47:34","slug":"el-magazin-preses-falses","status":"publish","type":"post","link":"https:\/\/elcabilo.com\/radio\/2013\/02\/04\/el-magazin-preses-falses\/","title":{"rendered":"El pseudo magaz\u00edn"},"content":{"rendered":"<p style=\"text-align: justify;\">Comencem el mes de febrer d&#8217;una forma diferent. Moltes han sigut les feines al llarg del mes de gener per les quals hem hagut de retrasar una setmana l&#8217;emissi\u00f3 de l&#8217;informatiu, per\u00f2 aix\u00ed i tot hem trobat unes horetes per fer un Magaz\u00edn amb les nostres primeres experi\u00e8ncies amb els micros, l&#8217;enregistradora i les not\u00edcies.<\/p>\n<p style=\"text-align: justify;\">Dessitjem que vos agrade i vos fa\u00e7a riure un poc. Ens veiem a la setmana que ve amb el Magaz\u00edn de deveres.<\/p>\n<p style=\"text-align: center;\"><a class=\"{skin:'blue', animate:true, width:'200', volume:0.6, autoplay:false, showVolumeLevel:true, showTime:true, showRew:true, downloadable:true, downloadablesecurity:false}\" id=\"mbmaplayer_1359919433981\" href=\"http:\/\/archive.org\/download\/magazin_tomes_falses\/pseudo_magazin.mp3\">El pseudo magaz\u00edn 1<\/a><textarea class=\"map_params\" style=\"display: block; padding: 3px; background: #444; color: #fff; text-decoration: none;\" disabled=\"disabled\">map :: {skin:&#8217;blue&#8217;, animate:true, width:&#8217;200&#8242;, volume:0.6, autoplay:false, showVolumeLevel:true, showTime:true, showRew:true, downloadable:true, downloadablesecurity:false}<\/textarea><\/p>\n<p>&nbsp;<\/p>\n","protected":false},"excerpt":{"rendered":"<p>Comencem el mes de febrer d&#8217;una forma diferent. Moltes han sigut les feines al llarg del mes de gener per les quals hem hagut de retrasar una setmana l&#8217;emissi\u00f3 de l&#8217;informatiu, per\u00f2 aix\u00ed i tot hem trobat unes horetes per fer un Magaz\u00edn amb les nostres primeres experi\u00e8ncies amb els micros, l&#8217;enregistradora i les not\u00edcies. [&hellip;]<\/p>\n","protected":false},"author":272,"featured_media":427,"comment_status":"open","ping_status":"open","sticky":false,"template":"","format":"standard","meta":{"_exactmetrics_skip_tracking":false,"_exactmetrics_sitenote_active":false,"_exactmetrics_sitenote_note":"","_exactmetrics_sitenote_category":0,"footnotes":""},"categories":[3],"tags":[],"class_list":["post-414","post","type-post","status-publish","format-standard","has-post-thumbnail","hentry","category-magazin"],"aioseo_notices":[],"_links":{"self":[{"href":"https:\/\/elcabilo.com\/radio\/wp-json\/wp\/v2\/posts\/414","targetHints":{"allow":["GET"]}}],"collection":[{"href":"https:\/\/elcabilo.com\/radio\/wp-json\/wp\/v2\/posts"}],"about":[{"href":"https:\/\/elcabilo.com\/radio\/wp-json\/wp\/v2\/types\/post"}],"author":[{"embeddable":true,"href":"https:\/\/elcabilo.com\/radio\/wp-json\/wp\/v2\/users\/272"}],"replies":[{"embeddable":true,"href":"https:\/\/elcabilo.com\/radio\/wp-json\/wp\/v2\/comments?post=414"}],"version-history":[{"count":0,"href":"https:\/\/elcabilo.com\/radio\/wp-json\/wp\/v2\/posts\/414\/revisions"}],"wp:featuredmedia":[{"embeddable":true,"href":"https:\/\/elcabilo.com\/radio\/wp-json\/wp\/v2\/media\/427"}],"wp:attachment":[{"href":"https:\/\/elcabilo.com\/radio\/wp-json\/wp\/v2\/media?parent=414"}],"wp:term":[{"taxonomy":"category","embeddable":true,"href":"https:\/\/elcabilo.com\/radio\/wp-json\/wp\/v2\/categories?post=414"},{"taxonomy":"post_tag","embeddable":true,"href":"https:\/\/elcabilo.com\/radio\/wp-json\/wp\/v2\/tags?post=414"}],"curies":[{"name":"wp","href":"https:\/\/api.w.org\/{rel}","templated":true}]}}