{"id":460,"date":"2013-02-17T00:00:03","date_gmt":"2013-02-16T23:00:03","guid":{"rendered":"http:\/\/elcabilo.com\/radio\/?p=460"},"modified":"2014-05-18T20:06:56","modified_gmt":"2014-05-18T18:06:56","slug":"entrevista-completa-a-stephen-green","status":"publish","type":"post","link":"https:\/\/elcabilo.com\/radio\/2013\/02\/17\/entrevista-completa-a-stephen-green\/","title":{"rendered":"Entrevista completa a Stephen Green"},"content":{"rendered":"<p>Com vos vam anunciar al magaz\u00edn de Febrer, adjuntem la entrevista completa al president del Foro de Turisme de Sella, Stephen Green:<\/p>\n<p style=\"text-align: center;\"><a id=\"mbmaplayer_1361042398402\" class=\"{skin:'blue', animate:true, width:'200', volume:0.6, autoplay:false, showVolumeLevel:true, showTime:true, showRew:true, downloadable:true, downloadablesecurity:false}\" href=\"http:\/\/archive.org\/download\/entrevista_completa\/entrevista_completa_febrer13.mp3\">Entrevista Febrer 2013<\/a><textarea class=\"map_params\" style=\"display: block; padding: 3px; background: #444; color: #fff; text-decoration: none;\" disabled=\"disabled\">map :: {skin:&#8217;blue&#8217;, animate:true, width:&#8217;200&#8242;, volume:0.6, autoplay:false, showVolumeLevel:true, showTime:true, showRew:true, downloadable:true, downloadablesecurity:false}<\/textarea><\/p>\n","protected":false},"excerpt":{"rendered":"<p>Com vos vam anunciar al magaz\u00edn de Febrer, adjuntem la entrevista completa al president del Foro de Turisme de Sella, Stephen Green: Entrevista Febrer 2013map :: {skin:&#8217;blue&#8217;, animate:true, width:&#8217;200&#8242;, volume:0.6, autoplay:false, showVolumeLevel:true, showTime:true, showRew:true, downloadable:true, downloadablesecurity:false}<\/p>\n","protected":false},"author":272,"featured_media":223,"comment_status":"open","ping_status":"open","sticky":false,"template":"","format":"standard","meta":{"_exactmetrics_skip_tracking":false,"footnotes":""},"categories":[23],"tags":[],"class_list":["post-460","post","type-post","status-publish","format-standard","has-post-thumbnail","hentry","category-entrevistes"],"aioseo_notices":[],"aioseo_head":"\n\t\t<!-- All in One SEO 5.0.1 - aioseo.com -->\n\t<meta name=\"description\" content=\"Com vos vam anunciar al magaz\u00edn de Febrer, adjuntem la entrevista completa al president del Foro de Turisme de Sella, Stephen Green: Entrevista Febrer 2013map :: {skin:&#039;blue&#039;, animate:true, width:&#039;200&#039;, volume:0.6, autoplay:false, showVolumeLevel:true, showTime:true, showRew:true, downloadable:true, downloadablesecurity:false}\" \/>\n\t<meta name=\"robots\" content=\"max-image-preview:large\" \/>\n\t<meta name=\"author\" content=\"radio\"\/>\n\t<link rel=\"canonical\" href=\"https:\/\/elcabilo.com\/radio\/2013\/02\/17\/entrevista-completa-a-stephen-green\/\" \/>\n\t<meta name=\"generator\" content=\"All in One SEO (AIOSEO) 5.0.1\" \/>\n\t\t<meta property=\"og:locale\" content=\"ca_ES\" \/>\n\t\t<meta property=\"og:site_name\" content=\"Cabil\u00f3R\u00e0dio - La r\u00e0dio online de Sella\" \/>\n\t\t<meta property=\"og:type\" content=\"article\" \/>\n\t\t<meta property=\"og:title\" content=\"Entrevista completa a Stephen Green - Cabil\u00f3R\u00e0dio\" \/>\n\t\t<meta property=\"og:description\" content=\"Com vos vam anunciar al magaz\u00edn de Febrer, adjuntem la entrevista completa al president del Foro de Turisme de Sella, Stephen Green: Entrevista Febrer 2013map :: {skin:&#039;blue&#039;, animate:true, width:&#039;200&#039;, volume:0.6, autoplay:false, showVolumeLevel:true, showTime:true, showRew:true, downloadable:true, downloadablesecurity:false}\" \/>\n\t\t<meta property=\"og:url\" content=\"https:\/\/elcabilo.com\/radio\/2013\/02\/17\/entrevista-completa-a-stephen-green\/\" \/>\n\t\t<meta property=\"og:image\" content=\"https:\/\/elcabilo.com\/radio\/files\/2023\/01\/cropped-logo_radio-1.gif\" \/>\n\t\t<meta property=\"og:image:secure_url\" content=\"https:\/\/elcabilo.com\/radio\/files\/2023\/01\/cropped-logo_radio-1.gif\" \/>\n\t\t<meta property=\"article:published_time\" content=\"2013-02-16T23:00:03+00:00\" \/>\n\t\t<meta property=\"article:modified_time\" content=\"2014-05-18T18:06:56+00:00\" \/>\n\t\t<meta name=\"twitter:card\" content=\"summary_large_image\" \/>\n\t\t<meta name=\"twitter:title\" content=\"Entrevista completa a Stephen Green - Cabil\u00f3R\u00e0dio\" \/>\n\t\t<meta name=\"twitter:description\" content=\"Com vos vam anunciar al magaz\u00edn de Febrer, adjuntem la entrevista completa al president del Foro de Turisme de Sella, Stephen Green: Entrevista Febrer 2013map :: {skin:&#039;blue&#039;, animate:true, width:&#039;200&#039;, volume:0.6, autoplay:false, showVolumeLevel:true, showTime:true, showRew:true, downloadable:true, downloadablesecurity:false}\" \/>\n\t\t<meta name=\"twitter:image\" content=\"https:\/\/elcabilo.com\/radio\/files\/2023\/01\/cropped-logo_radio-1.gif\" \/>\n\t\t<script type=\"application\/ld+json\" class=\"aioseo-schema\">\n\t\t\t{\"@context\":\"https:\\\/\\\/schema.org\",\"@graph\":[{\"@type\":\"BlogPosting\",\"@id\":\"https:\\\/\\\/elcabilo.com\\\/radio\\\/2013\\\/02\\\/17\\\/entrevista-completa-a-stephen-green\\\/#blogposting\",\"name\":\"Entrevista completa a Stephen Green - Cabil\\u00f3R\\u00e0dio\",\"headline\":\"Entrevista completa a Stephen Green\",\"author\":{\"@id\":\"https:\\\/\\\/elcabilo.com\\\/radio\\\/author\\\/radio\\\/#author\"},\"publisher\":{\"@id\":\"https:\\\/\\\/elcabilo.com\\\/radio\\\/#organization\"},\"image\":{\"@type\":\"ImageObject\",\"url\":\"https:\\\/\\\/elcabilo.com\\\/radio\\\/files\\\/2013\\\/01\\\/magazin2.jpg\",\"width\":900,\"height\":300},\"datePublished\":\"2013-02-17T00:00:03+01:00\",\"dateModified\":\"2014-05-18T20:06:56+02:00\",\"inLanguage\":\"ca\",\"commentCount\":5,\"mainEntityOfPage\":{\"@id\":\"https:\\\/\\\/elcabilo.com\\\/radio\\\/2013\\\/02\\\/17\\\/entrevista-completa-a-stephen-green\\\/#webpage\"},\"isPartOf\":{\"@id\":\"https:\\\/\\\/elcabilo.com\\\/radio\\\/2013\\\/02\\\/17\\\/entrevista-completa-a-stephen-green\\\/#webpage\"},\"articleSection\":\"Entrevistes\"},{\"@type\":\"BreadcrumbList\",\"@id\":\"https:\\\/\\\/elcabilo.com\\\/radio\\\/2013\\\/02\\\/17\\\/entrevista-completa-a-stephen-green\\\/#breadcrumblist\",\"itemListElement\":[{\"@type\":\"ListItem\",\"@id\":\"https:\\\/\\\/elcabilo.com\\\/radio#listItem\",\"position\":1,\"name\":\"Home\",\"item\":\"https:\\\/\\\/elcabilo.com\\\/radio\",\"nextItem\":{\"@type\":\"ListItem\",\"@id\":\"https:\\\/\\\/elcabilo.com\\\/radio\\\/category\\\/entrevistes\\\/#listItem\",\"name\":\"Entrevistes\"}},{\"@type\":\"ListItem\",\"@id\":\"https:\\\/\\\/elcabilo.com\\\/radio\\\/category\\\/entrevistes\\\/#listItem\",\"position\":2,\"name\":\"Entrevistes\",\"item\":\"https:\\\/\\\/elcabilo.com\\\/radio\\\/category\\\/entrevistes\\\/\",\"nextItem\":{\"@type\":\"ListItem\",\"@id\":\"https:\\\/\\\/elcabilo.com\\\/radio\\\/2013\\\/02\\\/17\\\/entrevista-completa-a-stephen-green\\\/#listItem\",\"name\":\"Entrevista completa a Stephen Green\"},\"previousItem\":{\"@type\":\"ListItem\",\"@id\":\"https:\\\/\\\/elcabilo.com\\\/radio#listItem\",\"name\":\"Home\"}},{\"@type\":\"ListItem\",\"@id\":\"https:\\\/\\\/elcabilo.com\\\/radio\\\/2013\\\/02\\\/17\\\/entrevista-completa-a-stephen-green\\\/#listItem\",\"position\":3,\"name\":\"Entrevista completa a Stephen Green\",\"previousItem\":{\"@type\":\"ListItem\",\"@id\":\"https:\\\/\\\/elcabilo.com\\\/radio\\\/category\\\/entrevistes\\\/#listItem\",\"name\":\"Entrevistes\"}}]},{\"@type\":\"Organization\",\"@id\":\"https:\\\/\\\/elcabilo.com\\\/radio\\\/#organization\",\"name\":\"Cabil\\u00f3 R\\u00e0dio\",\"description\":\"La r\\u00e0dio online de Sella\",\"url\":\"https:\\\/\\\/elcabilo.com\\\/radio\\\/\",\"logo\":{\"@type\":\"ImageObject\",\"url\":\"https:\\\/\\\/elcabilo.com\\\/radio\\\/files\\\/2023\\\/01\\\/cropped-logo_radio-1.gif\",\"@id\":\"https:\\\/\\\/elcabilo.com\\\/radio\\\/2013\\\/02\\\/17\\\/entrevista-completa-a-stephen-green\\\/#organizationLogo\",\"width\":250,\"height\":50},\"image\":{\"@id\":\"https:\\\/\\\/elcabilo.com\\\/radio\\\/2013\\\/02\\\/17\\\/entrevista-completa-a-stephen-green\\\/#organizationLogo\"}},{\"@type\":\"Person\",\"@id\":\"https:\\\/\\\/elcabilo.com\\\/radio\\\/author\\\/radio\\\/#author\",\"url\":\"https:\\\/\\\/elcabilo.com\\\/radio\\\/author\\\/radio\\\/\",\"name\":\"radio\",\"image\":{\"@type\":\"ImageObject\",\"@id\":\"https:\\\/\\\/elcabilo.com\\\/radio\\\/2013\\\/02\\\/17\\\/entrevista-completa-a-stephen-green\\\/#authorImage\",\"url\":\"https:\\\/\\\/secure.gravatar.com\\\/avatar\\\/bb687b465db46b8e9255d0921cc346091032a91fe77f93721088d5decb8a2d1a?s=96&d=mm&r=g\",\"width\":96,\"height\":96,\"caption\":\"radio\"}},{\"@type\":\"WebPage\",\"@id\":\"https:\\\/\\\/elcabilo.com\\\/radio\\\/2013\\\/02\\\/17\\\/entrevista-completa-a-stephen-green\\\/#webpage\",\"url\":\"https:\\\/\\\/elcabilo.com\\\/radio\\\/2013\\\/02\\\/17\\\/entrevista-completa-a-stephen-green\\\/\",\"name\":\"Entrevista completa a Stephen Green - Cabil\\u00f3R\\u00e0dio\",\"description\":\"Com vos vam anunciar al magaz\\u00edn de Febrer, adjuntem la entrevista completa al president del Foro de Turisme de Sella, Stephen Green: Entrevista Febrer 2013map :: {skin:'blue', animate:true, width:'200', volume:0.6, autoplay:false, showVolumeLevel:true, showTime:true, showRew:true, downloadable:true, downloadablesecurity:false}\",\"inLanguage\":\"ca\",\"isPartOf\":{\"@id\":\"https:\\\/\\\/elcabilo.com\\\/radio\\\/#website\"},\"breadcrumb\":{\"@id\":\"https:\\\/\\\/elcabilo.com\\\/radio\\\/2013\\\/02\\\/17\\\/entrevista-completa-a-stephen-green\\\/#breadcrumblist\"},\"author\":{\"@id\":\"https:\\\/\\\/elcabilo.com\\\/radio\\\/author\\\/radio\\\/#author\"},\"creator\":{\"@id\":\"https:\\\/\\\/elcabilo.com\\\/radio\\\/author\\\/radio\\\/#author\"},\"image\":{\"@type\":\"ImageObject\",\"url\":\"https:\\\/\\\/elcabilo.com\\\/radio\\\/files\\\/2013\\\/01\\\/magazin2.jpg\",\"@id\":\"https:\\\/\\\/elcabilo.com\\\/radio\\\/2013\\\/02\\\/17\\\/entrevista-completa-a-stephen-green\\\/#mainImage\",\"width\":900,\"height\":300},\"primaryImageOfPage\":{\"@id\":\"https:\\\/\\\/elcabilo.com\\\/radio\\\/2013\\\/02\\\/17\\\/entrevista-completa-a-stephen-green\\\/#mainImage\"},\"datePublished\":\"2013-02-17T00:00:03+01:00\",\"dateModified\":\"2014-05-18T20:06:56+02:00\"},{\"@type\":\"WebSite\",\"@id\":\"https:\\\/\\\/elcabilo.com\\\/radio\\\/#website\",\"url\":\"https:\\\/\\\/elcabilo.com\\\/radio\\\/\",\"name\":\"Cabil\\u00f3 R\\u00e0dio\",\"description\":\"La r\\u00e0dio online de Sella\",\"inLanguage\":\"ca\",\"publisher\":{\"@id\":\"https:\\\/\\\/elcabilo.com\\\/radio\\\/#organization\"}}]}\n\t\t<\/script>\n\t\t<!-- All in One SEO -->\n\n","aioseo_head_json":{"title":"Entrevista completa a Stephen Green - Cabil\u00f3R\u00e0dio","description":"Com vos vam anunciar al magaz\u00edn de Febrer, adjuntem la entrevista completa al president del Foro de Turisme de Sella, Stephen Green: Entrevista Febrer 2013map :: {skin:'blue', animate:true, width:'200', volume:0.6, autoplay:false, showVolumeLevel:true, showTime:true, showRew:true, downloadable:true, downloadablesecurity:false}","canonical_url":"https:\/\/elcabilo.com\/radio\/2013\/02\/17\/entrevista-completa-a-stephen-green\/","robots":"max-image-preview:large","keywords":"","webmasterTools":{"miscellaneous":""},"schema":{"@context":"https:\/\/schema.org","@graph":[{"@type":"BlogPosting","@id":"https:\/\/elcabilo.com\/radio\/2013\/02\/17\/entrevista-completa-a-stephen-green\/#blogposting","name":"Entrevista completa a Stephen Green - Cabil\u00f3R\u00e0dio","headline":"Entrevista completa a Stephen Green","author":{"@id":"https:\/\/elcabilo.com\/radio\/author\/radio\/#author"},"publisher":{"@id":"https:\/\/elcabilo.com\/radio\/#organization"},"image":{"@type":"ImageObject","url":"https:\/\/elcabilo.com\/radio\/files\/2013\/01\/magazin2.jpg","width":900,"height":300},"datePublished":"2013-02-17T00:00:03+01:00","dateModified":"2014-05-18T20:06:56+02:00","inLanguage":"ca","commentCount":5,"mainEntityOfPage":{"@id":"https:\/\/elcabilo.com\/radio\/2013\/02\/17\/entrevista-completa-a-stephen-green\/#webpage"},"isPartOf":{"@id":"https:\/\/elcabilo.com\/radio\/2013\/02\/17\/entrevista-completa-a-stephen-green\/#webpage"},"articleSection":"Entrevistes"},{"@type":"BreadcrumbList","@id":"https:\/\/elcabilo.com\/radio\/2013\/02\/17\/entrevista-completa-a-stephen-green\/#breadcrumblist","itemListElement":[{"@type":"ListItem","@id":"https:\/\/elcabilo.com\/radio#listItem","position":1,"name":"Home","item":"https:\/\/elcabilo.com\/radio","nextItem":{"@type":"ListItem","@id":"https:\/\/elcabilo.com\/radio\/category\/entrevistes\/#listItem","name":"Entrevistes"}},{"@type":"ListItem","@id":"https:\/\/elcabilo.com\/radio\/category\/entrevistes\/#listItem","position":2,"name":"Entrevistes","item":"https:\/\/elcabilo.com\/radio\/category\/entrevistes\/","nextItem":{"@type":"ListItem","@id":"https:\/\/elcabilo.com\/radio\/2013\/02\/17\/entrevista-completa-a-stephen-green\/#listItem","name":"Entrevista completa a Stephen Green"},"previousItem":{"@type":"ListItem","@id":"https:\/\/elcabilo.com\/radio#listItem","name":"Home"}},{"@type":"ListItem","@id":"https:\/\/elcabilo.com\/radio\/2013\/02\/17\/entrevista-completa-a-stephen-green\/#listItem","position":3,"name":"Entrevista completa a Stephen Green","previousItem":{"@type":"ListItem","@id":"https:\/\/elcabilo.com\/radio\/category\/entrevistes\/#listItem","name":"Entrevistes"}}]},{"@type":"Organization","@id":"https:\/\/elcabilo.com\/radio\/#organization","name":"Cabil\u00f3 R\u00e0dio","description":"La r\u00e0dio online de Sella","url":"https:\/\/elcabilo.com\/radio\/","logo":{"@type":"ImageObject","url":"https:\/\/elcabilo.com\/radio\/files\/2023\/01\/cropped-logo_radio-1.gif","@id":"https:\/\/elcabilo.com\/radio\/2013\/02\/17\/entrevista-completa-a-stephen-green\/#organizationLogo","width":250,"height":50},"image":{"@id":"https:\/\/elcabilo.com\/radio\/2013\/02\/17\/entrevista-completa-a-stephen-green\/#organizationLogo"}},{"@type":"Person","@id":"https:\/\/elcabilo.com\/radio\/author\/radio\/#author","url":"https:\/\/elcabilo.com\/radio\/author\/radio\/","name":"radio","image":{"@type":"ImageObject","@id":"https:\/\/elcabilo.com\/radio\/2013\/02\/17\/entrevista-completa-a-stephen-green\/#authorImage","url":"https:\/\/secure.gravatar.com\/avatar\/bb687b465db46b8e9255d0921cc346091032a91fe77f93721088d5decb8a2d1a?s=96&d=mm&r=g","width":96,"height":96,"caption":"radio"}},{"@type":"WebPage","@id":"https:\/\/elcabilo.com\/radio\/2013\/02\/17\/entrevista-completa-a-stephen-green\/#webpage","url":"https:\/\/elcabilo.com\/radio\/2013\/02\/17\/entrevista-completa-a-stephen-green\/","name":"Entrevista completa a Stephen Green - Cabil\u00f3R\u00e0dio","description":"Com vos vam anunciar al magaz\u00edn de Febrer, adjuntem la entrevista completa al president del Foro de Turisme de Sella, Stephen Green: Entrevista Febrer 2013map :: {skin:'blue', animate:true, width:'200', volume:0.6, autoplay:false, showVolumeLevel:true, showTime:true, showRew:true, downloadable:true, downloadablesecurity:false}","inLanguage":"ca","isPartOf":{"@id":"https:\/\/elcabilo.com\/radio\/#website"},"breadcrumb":{"@id":"https:\/\/elcabilo.com\/radio\/2013\/02\/17\/entrevista-completa-a-stephen-green\/#breadcrumblist"},"author":{"@id":"https:\/\/elcabilo.com\/radio\/author\/radio\/#author"},"creator":{"@id":"https:\/\/elcabilo.com\/radio\/author\/radio\/#author"},"image":{"@type":"ImageObject","url":"https:\/\/elcabilo.com\/radio\/files\/2013\/01\/magazin2.jpg","@id":"https:\/\/elcabilo.com\/radio\/2013\/02\/17\/entrevista-completa-a-stephen-green\/#mainImage","width":900,"height":300},"primaryImageOfPage":{"@id":"https:\/\/elcabilo.com\/radio\/2013\/02\/17\/entrevista-completa-a-stephen-green\/#mainImage"},"datePublished":"2013-02-17T00:00:03+01:00","dateModified":"2014-05-18T20:06:56+02:00"},{"@type":"WebSite","@id":"https:\/\/elcabilo.com\/radio\/#website","url":"https:\/\/elcabilo.com\/radio\/","name":"Cabil\u00f3 R\u00e0dio","description":"La r\u00e0dio online de Sella","inLanguage":"ca","publisher":{"@id":"https:\/\/elcabilo.com\/radio\/#organization"}}]},"og:locale":"ca_ES","og:site_name":"Cabil\u00f3R\u00e0dio - La r\u00e0dio online de Sella","og:type":"article","og:title":"Entrevista completa a Stephen Green - Cabil\u00f3R\u00e0dio","og:description":"Com vos vam anunciar al magaz\u00edn de Febrer, adjuntem la entrevista completa al president del Foro de Turisme de Sella, Stephen Green: Entrevista Febrer 2013map :: {skin:'blue', animate:true, width:'200', volume:0.6, autoplay:false, showVolumeLevel:true, showTime:true, showRew:true, downloadable:true, downloadablesecurity:false}","og:url":"https:\/\/elcabilo.com\/radio\/2013\/02\/17\/entrevista-completa-a-stephen-green\/","og:image":"https:\/\/elcabilo.com\/radio\/files\/2023\/01\/cropped-logo_radio-1.gif","og:image:secure_url":"https:\/\/elcabilo.com\/radio\/files\/2023\/01\/cropped-logo_radio-1.gif","article:published_time":"2013-02-16T23:00:03+00:00","article:modified_time":"2014-05-18T18:06:56+00:00","twitter:card":"summary_large_image","twitter:title":"Entrevista completa a Stephen Green - Cabil\u00f3R\u00e0dio","twitter:description":"Com vos vam anunciar al magaz\u00edn de Febrer, adjuntem la entrevista completa al president del Foro de Turisme de Sella, Stephen Green: Entrevista Febrer 2013map :: {skin:'blue', animate:true, width:'200', volume:0.6, autoplay:false, showVolumeLevel:true, showTime:true, showRew:true, downloadable:true, downloadablesecurity:false}","twitter:image":"https:\/\/elcabilo.com\/radio\/files\/2023\/01\/cropped-logo_radio-1.gif"},"aioseo_meta_data":{"post_id":"460","title":null,"description":null,"keywords":null,"keyphrases":null,"primary_term":null,"canonical_url":null,"og_title":null,"og_description":null,"og_object_type":"default","og_image_type":"default","og_image_url":null,"og_image_width":null,"og_image_height":null,"og_image_custom_url":null,"og_image_custom_fields":null,"og_video":null,"og_custom_url":null,"og_article_section":null,"og_article_tags":null,"twitter_use_og":false,"twitter_card":"default","twitter_image_type":"default","twitter_image_url":null,"twitter_image_custom_url":null,"twitter_image_custom_fields":null,"twitter_title":null,"twitter_description":null,"schema":{"blockGraphs":[],"customGraphs":[],"default":{"data":{"Article":[],"Course":[],"Dataset":[],"FAQPage":[],"Movie":[],"Person":[],"Product":[],"ProductReview":[],"Car":[],"Recipe":[],"Service":[],"SoftwareApplication":[],"WebPage":[]},"graphName":"","isEnabled":true},"graphs":[]},"schema_type":"default","schema_type_options":null,"pillar_content":false,"robots_default":true,"robots_noindex":false,"robots_noarchive":false,"robots_nosnippet":false,"robots_nofollow":false,"robots_noimageindex":false,"robots_noodp":false,"robots_notranslate":false,"robots_max_snippet":null,"robots_max_videopreview":null,"robots_max_imagepreview":"large","priority":null,"frequency":null,"local_seo":null,"breadcrumb_settings":null,"limit_modified_date":false,"ai":null,"created":"2023-01-27 22:02:49","updated":"2025-06-08 18:57:43","seo_analyzer_scan_date":null,"focus_keyword":null,"additional_keywords":null,"truseo_locale":null},"aioseo_breadcrumb":"<div class=\"aioseo-breadcrumbs\"><span class=\"aioseo-breadcrumb\">\n\t\t\t<a href=\"https:\/\/elcabilo.com\/radio\" title=\"Home\">Home<\/a>\n\t\t<\/span><span class=\"aioseo-breadcrumb-separator\">&raquo;<\/span><span class=\"aioseo-breadcrumb\">\n\t\t\t<a href=\"https:\/\/elcabilo.com\/radio\/category\/entrevistes\/\" title=\"Entrevistes\">Entrevistes<\/a>\n\t\t<\/span><span class=\"aioseo-breadcrumb-separator\">&raquo;<\/span><span class=\"aioseo-breadcrumb\">\n\t\t\tEntrevista completa a Stephen Green\n\t\t<\/span><\/div>","aioseo_breadcrumb_json":[{"label":"Home","link":"https:\/\/elcabilo.com\/radio"},{"label":"Entrevistes","link":"https:\/\/elcabilo.com\/radio\/category\/entrevistes\/"},{"label":"Entrevista completa a Stephen Green","link":"https:\/\/elcabilo.com\/radio\/2013\/02\/17\/entrevista-completa-a-stephen-green\/"}],"_links":{"self":[{"href":"https:\/\/elcabilo.com\/radio\/wp-json\/wp\/v2\/posts\/460","targetHints":{"allow":["GET"]}}],"collection":[{"href":"https:\/\/elcabilo.com\/radio\/wp-json\/wp\/v2\/posts"}],"about":[{"href":"https:\/\/elcabilo.com\/radio\/wp-json\/wp\/v2\/types\/post"}],"author":[{"embeddable":true,"href":"https:\/\/elcabilo.com\/radio\/wp-json\/wp\/v2\/users\/272"}],"replies":[{"embeddable":true,"href":"https:\/\/elcabilo.com\/radio\/wp-json\/wp\/v2\/comments?post=460"}],"version-history":[{"count":0,"href":"https:\/\/elcabilo.com\/radio\/wp-json\/wp\/v2\/posts\/460\/revisions"}],"wp:featuredmedia":[{"embeddable":true,"href":"https:\/\/elcabilo.com\/radio\/wp-json\/wp\/v2\/media\/223"}],"wp:attachment":[{"href":"https:\/\/elcabilo.com\/radio\/wp-json\/wp\/v2\/media?parent=460"}],"wp:term":[{"taxonomy":"category","embeddable":true,"href":"https:\/\/elcabilo.com\/radio\/wp-json\/wp\/v2\/categories?post=460"},{"taxonomy":"post_tag","embeddable":true,"href":"https:\/\/elcabilo.com\/radio\/wp-json\/wp\/v2\/tags?post=460"}],"curies":[{"name":"wp","href":"https:\/\/api.w.org\/{rel}","templated":true}]}}