{"id":469,"date":"2013-02-19T00:00:28","date_gmt":"2013-02-18T23:00:28","guid":{"rendered":"http:\/\/elcabilo.com\/radio\/?p=469"},"modified":"2013-02-17T23:55:02","modified_gmt":"2013-02-17T22:55:02","slug":"la-coveta-dels-sommnis-2on-programa","status":"publish","type":"post","link":"https:\/\/elcabilo.com\/radio\/2013\/02\/19\/la-coveta-dels-sommnis-2on-programa\/","title":{"rendered":"La coveta dels somnis &#8211; 2on programa"},"content":{"rendered":"<p><\/br><\/br>En este segon programa tractem els seg\u00fcents temes:<\/br><\/br><\/br><\/p>\n<ul>\n<li>Es prohibeix un concert de Sant Gatxo a Val\u00e8ncia<\/li>\n<li>Saoro Alemany, m\u00fasic de l&#8217;any<\/li>\n<li>No renovaci\u00f3 de la directiva de la banda<\/li>\n<li>Curtmetratges a l&#8217;escola de Sella<\/li>\n<li>Tallers de m\u00fasica popular a la Sella dels 80<\/li>\n<\/ul>\n<p style=\"text-align: center;\"><a class=\"{skin:'blue', animate:true, width:'200', volume:0.6, autoplay:false, showVolumeLevel:true, showTime:true, showRew:true, downloadable:true, downloadablesecurity:false}\" id=\"mbmaplayer_1361137884113\" href=\"https:\/\/archive.org\/download\/Lacovetadelssomnis02\/Lacovetadelssomnis002BO.mp3\">La coveta dels somnis &#8211; Pr. 2<\/a><textarea class=\"map_params\" style=\"display: block; padding: 3px; background: #444; color: #fff; text-decoration: none;\" disabled=\"disabled\">map :: {skin:&#8217;blue&#8217;, animate:true, width:&#8217;200&#8242;, volume:0.6, autoplay:false, showVolumeLevel:true, showTime:true, showRew:true, downloadable:true, downloadablesecurity:false}<\/textarea><\/p>\n<p>Polsant en llegir m\u00e9s, accedireu a alguns dels enlla\u00e7os que poder servir per ampliar la informaci\u00f3 que tractem durant el programa.<\/p>\n<p><!--more--><\/p>\n<p>Sant Gatxo<br \/>\n<a href=\"http:\/\/www.santgatxo.net\/\" target=\"_blank\">http:\/\/www.santgatxo.net\/<\/a><\/p>\n<p>Uni\u00f3 Musical l&#8217;Aurora<br \/>\n<a href=\"http:\/\/umlaurora.org\/\" target=\"_blank\">http:\/\/umlaurora.org\/<\/a><\/p>\n<p>Fandango, repositori de m\u00fasica tradicional<br \/>\n<a href=\"http:\/\/fandangoivm.cult.gva.es\/?locale-attribute=ca_ES\" target=\"_blank\">http:\/\/fandangoivm.cult.gva.<wbr \/>es\/?locale-attribute=ca_ES<\/a><\/p>\n<p>Canpop<br \/>\n<a href=\"http:\/\/canpop.org\/\" target=\"_blank\">http:\/\/canpop.org\/<\/a><\/p>\n","protected":false},"excerpt":{"rendered":"<p>En este segon programa tractem els seg\u00fcents temes: Es prohibeix un concert de Sant Gatxo a Val\u00e8ncia Saoro Alemany, m\u00fasic de l&#8217;any No renovaci\u00f3 de la directiva de la banda Curtmetratges a l&#8217;escola de Sella Tallers de m\u00fasica popular a la Sella dels 80 La coveta dels somnis &#8211; Pr. 2map :: {skin:&#8217;blue&#8217;, animate:true, width:&#8217;200&#8242;, [&hellip;]<\/p>\n","protected":false},"author":272,"featured_media":467,"comment_status":"open","ping_status":"open","sticky":false,"template":"","format":"standard","meta":{"_exactmetrics_skip_tracking":false,"footnotes":""},"categories":[15],"tags":[],"class_list":["post-469","post","type-post","status-publish","format-standard","has-post-thumbnail","hentry","category-la-coveta-dels-somnis"],"aioseo_notices":[],"aioseo_head":"\n\t\t<!-- All in One SEO 5.0.1 - aioseo.com -->\n\t<meta name=\"description\" content=\"En este segon programa tractem els seg\u00fcents temes: Es prohibeix un concert de Sant Gatxo a Val\u00e8ncia Saoro Alemany, m\u00fasic de l&#039;any No renovaci\u00f3 de la directiva de la banda Curtmetratges a l&#039;escola de Sella Tallers de m\u00fasica popular a la Sella dels 80 La coveta dels somnis - Pr. 2map :: {skin:&#039;blue&#039;, animate:true, width:&#039;200&#039;,\" \/>\n\t<meta name=\"robots\" content=\"max-image-preview:large\" \/>\n\t<meta name=\"author\" content=\"radio\"\/>\n\t<link rel=\"canonical\" href=\"https:\/\/elcabilo.com\/radio\/2013\/02\/19\/la-coveta-dels-sommnis-2on-programa\/\" \/>\n\t<meta name=\"generator\" content=\"All in One SEO (AIOSEO) 5.0.1\" \/>\n\t\t<meta property=\"og:locale\" content=\"ca_ES\" \/>\n\t\t<meta property=\"og:site_name\" content=\"Cabil\u00f3R\u00e0dio - La r\u00e0dio online de Sella\" \/>\n\t\t<meta property=\"og:type\" content=\"article\" \/>\n\t\t<meta property=\"og:title\" content=\"La coveta dels somnis \u2013 2on programa - Cabil\u00f3R\u00e0dio\" \/>\n\t\t<meta property=\"og:description\" content=\"En este segon programa tractem els seg\u00fcents temes: Es prohibeix un concert de Sant Gatxo a Val\u00e8ncia Saoro Alemany, m\u00fasic de l&#039;any No renovaci\u00f3 de la directiva de la banda Curtmetratges a l&#039;escola de Sella Tallers de m\u00fasica popular a la Sella dels 80 La coveta dels somnis - Pr. 2map :: {skin:&#039;blue&#039;, animate:true, width:&#039;200&#039;,\" \/>\n\t\t<meta property=\"og:url\" content=\"https:\/\/elcabilo.com\/radio\/2013\/02\/19\/la-coveta-dels-sommnis-2on-programa\/\" \/>\n\t\t<meta property=\"og:image\" content=\"https:\/\/elcabilo.com\/radio\/files\/2023\/01\/cropped-logo_radio-1.gif\" \/>\n\t\t<meta property=\"og:image:secure_url\" content=\"https:\/\/elcabilo.com\/radio\/files\/2023\/01\/cropped-logo_radio-1.gif\" \/>\n\t\t<meta property=\"article:published_time\" content=\"2013-02-18T23:00:28+00:00\" \/>\n\t\t<meta property=\"article:modified_time\" content=\"2013-02-17T22:55:02+00:00\" \/>\n\t\t<meta name=\"twitter:card\" content=\"summary_large_image\" \/>\n\t\t<meta name=\"twitter:title\" content=\"La coveta dels somnis \u2013 2on programa - Cabil\u00f3R\u00e0dio\" \/>\n\t\t<meta name=\"twitter:description\" content=\"En este segon programa tractem els seg\u00fcents temes: Es prohibeix un concert de Sant Gatxo a Val\u00e8ncia Saoro Alemany, m\u00fasic de l&#039;any No renovaci\u00f3 de la directiva de la banda Curtmetratges a l&#039;escola de Sella Tallers de m\u00fasica popular a la Sella dels 80 La coveta dels somnis - Pr. 2map :: {skin:&#039;blue&#039;, animate:true, width:&#039;200&#039;,\" \/>\n\t\t<meta name=\"twitter:image\" content=\"https:\/\/elcabilo.com\/radio\/files\/2023\/01\/cropped-logo_radio-1.gif\" \/>\n\t\t<script type=\"application\/ld+json\" class=\"aioseo-schema\">\n\t\t\t{\"@context\":\"https:\\\/\\\/schema.org\",\"@graph\":[{\"@type\":\"BlogPosting\",\"@id\":\"https:\\\/\\\/elcabilo.com\\\/radio\\\/2013\\\/02\\\/19\\\/la-coveta-dels-sommnis-2on-programa\\\/#blogposting\",\"name\":\"La coveta dels somnis \\u2013 2on programa - Cabil\\u00f3R\\u00e0dio\",\"headline\":\"La coveta dels somnis &#8211; 2on programa\",\"author\":{\"@id\":\"https:\\\/\\\/elcabilo.com\\\/radio\\\/author\\\/radio\\\/#author\"},\"publisher\":{\"@id\":\"https:\\\/\\\/elcabilo.com\\\/radio\\\/#organization\"},\"image\":{\"@type\":\"ImageObject\",\"url\":\"https:\\\/\\\/elcabilo.com\\\/radio\\\/files\\\/2013\\\/02\\\/covetalogo2.jpg\",\"width\":900,\"height\":300},\"datePublished\":\"2013-02-19T00:00:28+01:00\",\"dateModified\":\"2013-02-17T23:55:02+01:00\",\"inLanguage\":\"ca\",\"commentCount\":3,\"mainEntityOfPage\":{\"@id\":\"https:\\\/\\\/elcabilo.com\\\/radio\\\/2013\\\/02\\\/19\\\/la-coveta-dels-sommnis-2on-programa\\\/#webpage\"},\"isPartOf\":{\"@id\":\"https:\\\/\\\/elcabilo.com\\\/radio\\\/2013\\\/02\\\/19\\\/la-coveta-dels-sommnis-2on-programa\\\/#webpage\"},\"articleSection\":\"La coveta dels somnis\"},{\"@type\":\"BreadcrumbList\",\"@id\":\"https:\\\/\\\/elcabilo.com\\\/radio\\\/2013\\\/02\\\/19\\\/la-coveta-dels-sommnis-2on-programa\\\/#breadcrumblist\",\"itemListElement\":[{\"@type\":\"ListItem\",\"@id\":\"https:\\\/\\\/elcabilo.com\\\/radio#listItem\",\"position\":1,\"name\":\"Home\",\"item\":\"https:\\\/\\\/elcabilo.com\\\/radio\",\"nextItem\":{\"@type\":\"ListItem\",\"@id\":\"https:\\\/\\\/elcabilo.com\\\/radio\\\/category\\\/programes\\\/#listItem\",\"name\":\"Programes\"}},{\"@type\":\"ListItem\",\"@id\":\"https:\\\/\\\/elcabilo.com\\\/radio\\\/category\\\/programes\\\/#listItem\",\"position\":2,\"name\":\"Programes\",\"item\":\"https:\\\/\\\/elcabilo.com\\\/radio\\\/category\\\/programes\\\/\",\"nextItem\":{\"@type\":\"ListItem\",\"@id\":\"https:\\\/\\\/elcabilo.com\\\/radio\\\/category\\\/programes\\\/la-coveta-dels-somnis\\\/#listItem\",\"name\":\"La coveta dels somnis\"},\"previousItem\":{\"@type\":\"ListItem\",\"@id\":\"https:\\\/\\\/elcabilo.com\\\/radio#listItem\",\"name\":\"Home\"}},{\"@type\":\"ListItem\",\"@id\":\"https:\\\/\\\/elcabilo.com\\\/radio\\\/category\\\/programes\\\/la-coveta-dels-somnis\\\/#listItem\",\"position\":3,\"name\":\"La coveta dels somnis\",\"item\":\"https:\\\/\\\/elcabilo.com\\\/radio\\\/category\\\/programes\\\/la-coveta-dels-somnis\\\/\",\"nextItem\":{\"@type\":\"ListItem\",\"@id\":\"https:\\\/\\\/elcabilo.com\\\/radio\\\/2013\\\/02\\\/19\\\/la-coveta-dels-sommnis-2on-programa\\\/#listItem\",\"name\":\"La coveta dels somnis &#8211; 2on programa\"},\"previousItem\":{\"@type\":\"ListItem\",\"@id\":\"https:\\\/\\\/elcabilo.com\\\/radio\\\/category\\\/programes\\\/#listItem\",\"name\":\"Programes\"}},{\"@type\":\"ListItem\",\"@id\":\"https:\\\/\\\/elcabilo.com\\\/radio\\\/2013\\\/02\\\/19\\\/la-coveta-dels-sommnis-2on-programa\\\/#listItem\",\"position\":4,\"name\":\"La coveta dels somnis &#8211; 2on programa\",\"previousItem\":{\"@type\":\"ListItem\",\"@id\":\"https:\\\/\\\/elcabilo.com\\\/radio\\\/category\\\/programes\\\/la-coveta-dels-somnis\\\/#listItem\",\"name\":\"La coveta dels somnis\"}}]},{\"@type\":\"Organization\",\"@id\":\"https:\\\/\\\/elcabilo.com\\\/radio\\\/#organization\",\"name\":\"Cabil\\u00f3 R\\u00e0dio\",\"description\":\"La r\\u00e0dio online de Sella\",\"url\":\"https:\\\/\\\/elcabilo.com\\\/radio\\\/\",\"logo\":{\"@type\":\"ImageObject\",\"url\":\"https:\\\/\\\/elcabilo.com\\\/radio\\\/files\\\/2023\\\/01\\\/cropped-logo_radio-1.gif\",\"@id\":\"https:\\\/\\\/elcabilo.com\\\/radio\\\/2013\\\/02\\\/19\\\/la-coveta-dels-sommnis-2on-programa\\\/#organizationLogo\",\"width\":250,\"height\":50},\"image\":{\"@id\":\"https:\\\/\\\/elcabilo.com\\\/radio\\\/2013\\\/02\\\/19\\\/la-coveta-dels-sommnis-2on-programa\\\/#organizationLogo\"}},{\"@type\":\"Person\",\"@id\":\"https:\\\/\\\/elcabilo.com\\\/radio\\\/author\\\/radio\\\/#author\",\"url\":\"https:\\\/\\\/elcabilo.com\\\/radio\\\/author\\\/radio\\\/\",\"name\":\"radio\",\"image\":{\"@type\":\"ImageObject\",\"@id\":\"https:\\\/\\\/elcabilo.com\\\/radio\\\/2013\\\/02\\\/19\\\/la-coveta-dels-sommnis-2on-programa\\\/#authorImage\",\"url\":\"https:\\\/\\\/secure.gravatar.com\\\/avatar\\\/bb687b465db46b8e9255d0921cc346091032a91fe77f93721088d5decb8a2d1a?s=96&d=mm&r=g\",\"width\":96,\"height\":96,\"caption\":\"radio\"}},{\"@type\":\"WebPage\",\"@id\":\"https:\\\/\\\/elcabilo.com\\\/radio\\\/2013\\\/02\\\/19\\\/la-coveta-dels-sommnis-2on-programa\\\/#webpage\",\"url\":\"https:\\\/\\\/elcabilo.com\\\/radio\\\/2013\\\/02\\\/19\\\/la-coveta-dels-sommnis-2on-programa\\\/\",\"name\":\"La coveta dels somnis \\u2013 2on programa - Cabil\\u00f3R\\u00e0dio\",\"description\":\"En este segon programa tractem els seg\\u00fcents temes: Es prohibeix un concert de Sant Gatxo a Val\\u00e8ncia Saoro Alemany, m\\u00fasic de l'any No renovaci\\u00f3 de la directiva de la banda Curtmetratges a l'escola de Sella Tallers de m\\u00fasica popular a la Sella dels 80 La coveta dels somnis - Pr. 2map :: {skin:'blue', animate:true, width:'200',\",\"inLanguage\":\"ca\",\"isPartOf\":{\"@id\":\"https:\\\/\\\/elcabilo.com\\\/radio\\\/#website\"},\"breadcrumb\":{\"@id\":\"https:\\\/\\\/elcabilo.com\\\/radio\\\/2013\\\/02\\\/19\\\/la-coveta-dels-sommnis-2on-programa\\\/#breadcrumblist\"},\"author\":{\"@id\":\"https:\\\/\\\/elcabilo.com\\\/radio\\\/author\\\/radio\\\/#author\"},\"creator\":{\"@id\":\"https:\\\/\\\/elcabilo.com\\\/radio\\\/author\\\/radio\\\/#author\"},\"image\":{\"@type\":\"ImageObject\",\"url\":\"https:\\\/\\\/elcabilo.com\\\/radio\\\/files\\\/2013\\\/02\\\/covetalogo2.jpg\",\"@id\":\"https:\\\/\\\/elcabilo.com\\\/radio\\\/2013\\\/02\\\/19\\\/la-coveta-dels-sommnis-2on-programa\\\/#mainImage\",\"width\":900,\"height\":300},\"primaryImageOfPage\":{\"@id\":\"https:\\\/\\\/elcabilo.com\\\/radio\\\/2013\\\/02\\\/19\\\/la-coveta-dels-sommnis-2on-programa\\\/#mainImage\"},\"datePublished\":\"2013-02-19T00:00:28+01:00\",\"dateModified\":\"2013-02-17T23:55:02+01:00\"},{\"@type\":\"WebSite\",\"@id\":\"https:\\\/\\\/elcabilo.com\\\/radio\\\/#website\",\"url\":\"https:\\\/\\\/elcabilo.com\\\/radio\\\/\",\"name\":\"Cabil\\u00f3 R\\u00e0dio\",\"description\":\"La r\\u00e0dio online de Sella\",\"inLanguage\":\"ca\",\"publisher\":{\"@id\":\"https:\\\/\\\/elcabilo.com\\\/radio\\\/#organization\"}}]}\n\t\t<\/script>\n\t\t<!-- All in One SEO -->\n\n","aioseo_head_json":{"title":"La coveta dels somnis \u2013 2on programa - Cabil\u00f3R\u00e0dio","description":"En este segon programa tractem els seg\u00fcents temes: Es prohibeix un concert de Sant Gatxo a Val\u00e8ncia Saoro Alemany, m\u00fasic de l'any No renovaci\u00f3 de la directiva de la banda Curtmetratges a l'escola de Sella Tallers de m\u00fasica popular a la Sella dels 80 La coveta dels somnis - Pr. 2map :: {skin:'blue', animate:true, width:'200',","canonical_url":"https:\/\/elcabilo.com\/radio\/2013\/02\/19\/la-coveta-dels-sommnis-2on-programa\/","robots":"max-image-preview:large","keywords":"","webmasterTools":{"miscellaneous":""},"schema":{"@context":"https:\/\/schema.org","@graph":[{"@type":"BlogPosting","@id":"https:\/\/elcabilo.com\/radio\/2013\/02\/19\/la-coveta-dels-sommnis-2on-programa\/#blogposting","name":"La coveta dels somnis \u2013 2on programa - Cabil\u00f3R\u00e0dio","headline":"La coveta dels somnis &#8211; 2on programa","author":{"@id":"https:\/\/elcabilo.com\/radio\/author\/radio\/#author"},"publisher":{"@id":"https:\/\/elcabilo.com\/radio\/#organization"},"image":{"@type":"ImageObject","url":"https:\/\/elcabilo.com\/radio\/files\/2013\/02\/covetalogo2.jpg","width":900,"height":300},"datePublished":"2013-02-19T00:00:28+01:00","dateModified":"2013-02-17T23:55:02+01:00","inLanguage":"ca","commentCount":3,"mainEntityOfPage":{"@id":"https:\/\/elcabilo.com\/radio\/2013\/02\/19\/la-coveta-dels-sommnis-2on-programa\/#webpage"},"isPartOf":{"@id":"https:\/\/elcabilo.com\/radio\/2013\/02\/19\/la-coveta-dels-sommnis-2on-programa\/#webpage"},"articleSection":"La coveta dels somnis"},{"@type":"BreadcrumbList","@id":"https:\/\/elcabilo.com\/radio\/2013\/02\/19\/la-coveta-dels-sommnis-2on-programa\/#breadcrumblist","itemListElement":[{"@type":"ListItem","@id":"https:\/\/elcabilo.com\/radio#listItem","position":1,"name":"Home","item":"https:\/\/elcabilo.com\/radio","nextItem":{"@type":"ListItem","@id":"https:\/\/elcabilo.com\/radio\/category\/programes\/#listItem","name":"Programes"}},{"@type":"ListItem","@id":"https:\/\/elcabilo.com\/radio\/category\/programes\/#listItem","position":2,"name":"Programes","item":"https:\/\/elcabilo.com\/radio\/category\/programes\/","nextItem":{"@type":"ListItem","@id":"https:\/\/elcabilo.com\/radio\/category\/programes\/la-coveta-dels-somnis\/#listItem","name":"La coveta dels somnis"},"previousItem":{"@type":"ListItem","@id":"https:\/\/elcabilo.com\/radio#listItem","name":"Home"}},{"@type":"ListItem","@id":"https:\/\/elcabilo.com\/radio\/category\/programes\/la-coveta-dels-somnis\/#listItem","position":3,"name":"La coveta dels somnis","item":"https:\/\/elcabilo.com\/radio\/category\/programes\/la-coveta-dels-somnis\/","nextItem":{"@type":"ListItem","@id":"https:\/\/elcabilo.com\/radio\/2013\/02\/19\/la-coveta-dels-sommnis-2on-programa\/#listItem","name":"La coveta dels somnis &#8211; 2on programa"},"previousItem":{"@type":"ListItem","@id":"https:\/\/elcabilo.com\/radio\/category\/programes\/#listItem","name":"Programes"}},{"@type":"ListItem","@id":"https:\/\/elcabilo.com\/radio\/2013\/02\/19\/la-coveta-dels-sommnis-2on-programa\/#listItem","position":4,"name":"La coveta dels somnis &#8211; 2on programa","previousItem":{"@type":"ListItem","@id":"https:\/\/elcabilo.com\/radio\/category\/programes\/la-coveta-dels-somnis\/#listItem","name":"La coveta dels somnis"}}]},{"@type":"Organization","@id":"https:\/\/elcabilo.com\/radio\/#organization","name":"Cabil\u00f3 R\u00e0dio","description":"La r\u00e0dio online de Sella","url":"https:\/\/elcabilo.com\/radio\/","logo":{"@type":"ImageObject","url":"https:\/\/elcabilo.com\/radio\/files\/2023\/01\/cropped-logo_radio-1.gif","@id":"https:\/\/elcabilo.com\/radio\/2013\/02\/19\/la-coveta-dels-sommnis-2on-programa\/#organizationLogo","width":250,"height":50},"image":{"@id":"https:\/\/elcabilo.com\/radio\/2013\/02\/19\/la-coveta-dels-sommnis-2on-programa\/#organizationLogo"}},{"@type":"Person","@id":"https:\/\/elcabilo.com\/radio\/author\/radio\/#author","url":"https:\/\/elcabilo.com\/radio\/author\/radio\/","name":"radio","image":{"@type":"ImageObject","@id":"https:\/\/elcabilo.com\/radio\/2013\/02\/19\/la-coveta-dels-sommnis-2on-programa\/#authorImage","url":"https:\/\/secure.gravatar.com\/avatar\/bb687b465db46b8e9255d0921cc346091032a91fe77f93721088d5decb8a2d1a?s=96&d=mm&r=g","width":96,"height":96,"caption":"radio"}},{"@type":"WebPage","@id":"https:\/\/elcabilo.com\/radio\/2013\/02\/19\/la-coveta-dels-sommnis-2on-programa\/#webpage","url":"https:\/\/elcabilo.com\/radio\/2013\/02\/19\/la-coveta-dels-sommnis-2on-programa\/","name":"La coveta dels somnis \u2013 2on programa - Cabil\u00f3R\u00e0dio","description":"En este segon programa tractem els seg\u00fcents temes: Es prohibeix un concert de Sant Gatxo a Val\u00e8ncia Saoro Alemany, m\u00fasic de l'any No renovaci\u00f3 de la directiva de la banda Curtmetratges a l'escola de Sella Tallers de m\u00fasica popular a la Sella dels 80 La coveta dels somnis - Pr. 2map :: {skin:'blue', animate:true, width:'200',","inLanguage":"ca","isPartOf":{"@id":"https:\/\/elcabilo.com\/radio\/#website"},"breadcrumb":{"@id":"https:\/\/elcabilo.com\/radio\/2013\/02\/19\/la-coveta-dels-sommnis-2on-programa\/#breadcrumblist"},"author":{"@id":"https:\/\/elcabilo.com\/radio\/author\/radio\/#author"},"creator":{"@id":"https:\/\/elcabilo.com\/radio\/author\/radio\/#author"},"image":{"@type":"ImageObject","url":"https:\/\/elcabilo.com\/radio\/files\/2013\/02\/covetalogo2.jpg","@id":"https:\/\/elcabilo.com\/radio\/2013\/02\/19\/la-coveta-dels-sommnis-2on-programa\/#mainImage","width":900,"height":300},"primaryImageOfPage":{"@id":"https:\/\/elcabilo.com\/radio\/2013\/02\/19\/la-coveta-dels-sommnis-2on-programa\/#mainImage"},"datePublished":"2013-02-19T00:00:28+01:00","dateModified":"2013-02-17T23:55:02+01:00"},{"@type":"WebSite","@id":"https:\/\/elcabilo.com\/radio\/#website","url":"https:\/\/elcabilo.com\/radio\/","name":"Cabil\u00f3 R\u00e0dio","description":"La r\u00e0dio online de Sella","inLanguage":"ca","publisher":{"@id":"https:\/\/elcabilo.com\/radio\/#organization"}}]},"og:locale":"ca_ES","og:site_name":"Cabil\u00f3R\u00e0dio - La r\u00e0dio online de Sella","og:type":"article","og:title":"La coveta dels somnis \u2013 2on programa - Cabil\u00f3R\u00e0dio","og:description":"En este segon programa tractem els seg\u00fcents temes: Es prohibeix un concert de Sant Gatxo a Val\u00e8ncia Saoro Alemany, m\u00fasic de l'any No renovaci\u00f3 de la directiva de la banda Curtmetratges a l'escola de Sella Tallers de m\u00fasica popular a la Sella dels 80 La coveta dels somnis - Pr. 2map :: {skin:'blue', animate:true, width:'200',","og:url":"https:\/\/elcabilo.com\/radio\/2013\/02\/19\/la-coveta-dels-sommnis-2on-programa\/","og:image":"https:\/\/elcabilo.com\/radio\/files\/2023\/01\/cropped-logo_radio-1.gif","og:image:secure_url":"https:\/\/elcabilo.com\/radio\/files\/2023\/01\/cropped-logo_radio-1.gif","article:published_time":"2013-02-18T23:00:28+00:00","article:modified_time":"2013-02-17T22:55:02+00:00","twitter:card":"summary_large_image","twitter:title":"La coveta dels somnis \u2013 2on programa - Cabil\u00f3R\u00e0dio","twitter:description":"En este segon programa tractem els seg\u00fcents temes: Es prohibeix un concert de Sant Gatxo a Val\u00e8ncia Saoro Alemany, m\u00fasic de l'any No renovaci\u00f3 de la directiva de la banda Curtmetratges a l'escola de Sella Tallers de m\u00fasica popular a la Sella dels 80 La coveta dels somnis - Pr. 2map :: {skin:'blue', animate:true, width:'200',","twitter:image":"https:\/\/elcabilo.com\/radio\/files\/2023\/01\/cropped-logo_radio-1.gif"},"aioseo_meta_data":{"post_id":"469","title":null,"description":null,"keywords":null,"keyphrases":null,"primary_term":null,"canonical_url":null,"og_title":null,"og_description":null,"og_object_type":"default","og_image_type":"default","og_image_url":null,"og_image_width":null,"og_image_height":null,"og_image_custom_url":null,"og_image_custom_fields":null,"og_video":null,"og_custom_url":null,"og_article_section":null,"og_article_tags":null,"twitter_use_og":false,"twitter_card":"default","twitter_image_type":"default","twitter_image_url":null,"twitter_image_custom_url":null,"twitter_image_custom_fields":null,"twitter_title":null,"twitter_description":null,"schema":{"blockGraphs":[],"customGraphs":[],"default":{"data":{"Article":[],"Course":[],"Dataset":[],"FAQPage":[],"Movie":[],"Person":[],"Product":[],"ProductReview":[],"Car":[],"Recipe":[],"Service":[],"SoftwareApplication":[],"WebPage":[]},"graphName":"","isEnabled":true},"graphs":[]},"schema_type":"default","schema_type_options":null,"pillar_content":false,"robots_default":true,"robots_noindex":false,"robots_noarchive":false,"robots_nosnippet":false,"robots_nofollow":false,"robots_noimageindex":false,"robots_noodp":false,"robots_notranslate":false,"robots_max_snippet":null,"robots_max_videopreview":null,"robots_max_imagepreview":"large","priority":null,"frequency":null,"local_seo":null,"breadcrumb_settings":null,"limit_modified_date":false,"ai":null,"created":"2023-01-27 22:02:49","updated":"2025-06-08 18:57:43","seo_analyzer_scan_date":null,"focus_keyword":null,"additional_keywords":null,"truseo_locale":null},"aioseo_breadcrumb":"<div class=\"aioseo-breadcrumbs\"><span class=\"aioseo-breadcrumb\">\n\t\t\t<a href=\"https:\/\/elcabilo.com\/radio\" title=\"Home\">Home<\/a>\n\t\t<\/span><span class=\"aioseo-breadcrumb-separator\">&raquo;<\/span><span class=\"aioseo-breadcrumb\">\n\t\t\t<a href=\"https:\/\/elcabilo.com\/radio\/category\/programes\/\" title=\"Programes\">Programes<\/a>\n\t\t<\/span><span class=\"aioseo-breadcrumb-separator\">&raquo;<\/span><span class=\"aioseo-breadcrumb\">\n\t\t\t<a href=\"https:\/\/elcabilo.com\/radio\/category\/programes\/la-coveta-dels-somnis\/\" title=\"La coveta dels somnis\">La coveta dels somnis<\/a>\n\t\t<\/span><span class=\"aioseo-breadcrumb-separator\">&raquo;<\/span><span class=\"aioseo-breadcrumb\">\n\t\t\tLa coveta dels somnis \u2013 2on programa\n\t\t<\/span><\/div>","aioseo_breadcrumb_json":[{"label":"Home","link":"https:\/\/elcabilo.com\/radio"},{"label":"Programes","link":"https:\/\/elcabilo.com\/radio\/category\/programes\/"},{"label":"La coveta dels somnis","link":"https:\/\/elcabilo.com\/radio\/category\/programes\/la-coveta-dels-somnis\/"},{"label":"La coveta dels somnis &#8211; 2on programa","link":"https:\/\/elcabilo.com\/radio\/2013\/02\/19\/la-coveta-dels-sommnis-2on-programa\/"}],"_links":{"self":[{"href":"https:\/\/elcabilo.com\/radio\/wp-json\/wp\/v2\/posts\/469","targetHints":{"allow":["GET"]}}],"collection":[{"href":"https:\/\/elcabilo.com\/radio\/wp-json\/wp\/v2\/posts"}],"about":[{"href":"https:\/\/elcabilo.com\/radio\/wp-json\/wp\/v2\/types\/post"}],"author":[{"embeddable":true,"href":"https:\/\/elcabilo.com\/radio\/wp-json\/wp\/v2\/users\/272"}],"replies":[{"embeddable":true,"href":"https:\/\/elcabilo.com\/radio\/wp-json\/wp\/v2\/comments?post=469"}],"version-history":[{"count":0,"href":"https:\/\/elcabilo.com\/radio\/wp-json\/wp\/v2\/posts\/469\/revisions"}],"wp:featuredmedia":[{"embeddable":true,"href":"https:\/\/elcabilo.com\/radio\/wp-json\/wp\/v2\/media\/467"}],"wp:attachment":[{"href":"https:\/\/elcabilo.com\/radio\/wp-json\/wp\/v2\/media?parent=469"}],"wp:term":[{"taxonomy":"category","embeddable":true,"href":"https:\/\/elcabilo.com\/radio\/wp-json\/wp\/v2\/categories?post=469"},{"taxonomy":"post_tag","embeddable":true,"href":"https:\/\/elcabilo.com\/radio\/wp-json\/wp\/v2\/tags?post=469"}],"curies":[{"name":"wp","href":"https:\/\/api.w.org\/{rel}","templated":true}]}}