{"id":489,"date":"2013-02-17T23:50:30","date_gmt":"2013-02-17T22:50:30","guid":{"rendered":"http:\/\/elcabilo.com\/radio\/?p=489"},"modified":"2013-02-17T22:42:16","modified_gmt":"2013-02-17T21:42:16","slug":"la-ciencia-de-cada-dia-3-el-vol-dels-avions-i-altres-efectes","status":"publish","type":"post","link":"https:\/\/elcabilo.com\/radio\/2013\/02\/17\/la-ciencia-de-cada-dia-3-el-vol-dels-avions-i-altres-efectes\/","title":{"rendered":"La ci\u00e8ncia de cada d\u00eda &#8211; 3.El vol dels avions i altres efectes"},"content":{"rendered":"<p style=\"text-align: justify;\">Ho considerem ja habitual i per aix\u00f2 no ens adonem que, en veritat, \u00e9s un fet extraordinari: <em>podem volar amb els avions!<\/em><\/p>\n<p style=\"text-align: justify;\">En el programa de hui, explicarem de manera simplificada quina \u00e9s la f\u00edsica que hi ha darrere de la sustentaci\u00f3 en l&#8217;aire dels avions o dels pardals. Veurem que, a banda d&#8217;aquest fenomen, l&#8217;efecte que ho explica tamb\u00e9 permet aclarir per qu\u00e8 un bal\u00f3 pot agafar &#8220;efecte&#8221; i es pot marcar l&#8217;anomenat gol ol\u00edmpic. Del que parlarem \u00e9s de l&#8217;efecte Venturi.<\/p>\n<p style=\"text-align: center;\"><a class=\"{skin:'blue', animate:true, width:'200', volume:0.6, autoplay:false, showVolumeLevel:true, showTime:true, showRew:true, downloadable:true, downloadablesecurity:false}\" id=\"mbmaplayer_1361137113415\" href=\"https:\/\/archive.org\/download\/03CienciaAvions\/03-Ciencia_Avions.mp3\">Ci\u00e8ncia 3 &#8211; El vol dels avions<\/a><textarea class=\"map_params\" style=\"display: block; padding: 3px; background: #444; color: #fff; text-decoration: none;\" disabled=\"disabled\">map :: {skin:&#8217;blue&#8217;, animate:true, width:&#8217;200&#8242;, volume:0.6, autoplay:false, showVolumeLevel:true, showTime:true, showRew:true, downloadable:true, downloadablesecurity:false}<\/textarea><\/p>\n","protected":false},"excerpt":{"rendered":"<p>Ho considerem ja habitual i per aix\u00f2 no ens adonem que, en veritat, \u00e9s un fet extraordinari: podem volar amb els avions! En el programa de hui, explicarem de manera simplificada quina \u00e9s la f\u00edsica que hi ha darrere de la sustentaci\u00f3 en l&#8217;aire dels avions o dels pardals. Veurem que, a banda d&#8217;aquest fenomen, [&hellip;]<\/p>\n","protected":false},"author":272,"featured_media":490,"comment_status":"open","ping_status":"open","sticky":false,"template":"","format":"standard","meta":{"_exactmetrics_skip_tracking":false,"_exactmetrics_sitenote_active":false,"_exactmetrics_sitenote_note":"","_exactmetrics_sitenote_category":0,"footnotes":""},"categories":[9],"tags":[],"class_list":["post-489","post","type-post","status-publish","format-standard","has-post-thumbnail","hentry","category-ciencia"],"aioseo_notices":[],"_links":{"self":[{"href":"https:\/\/elcabilo.com\/radio\/wp-json\/wp\/v2\/posts\/489","targetHints":{"allow":["GET"]}}],"collection":[{"href":"https:\/\/elcabilo.com\/radio\/wp-json\/wp\/v2\/posts"}],"about":[{"href":"https:\/\/elcabilo.com\/radio\/wp-json\/wp\/v2\/types\/post"}],"author":[{"embeddable":true,"href":"https:\/\/elcabilo.com\/radio\/wp-json\/wp\/v2\/users\/272"}],"replies":[{"embeddable":true,"href":"https:\/\/elcabilo.com\/radio\/wp-json\/wp\/v2\/comments?post=489"}],"version-history":[{"count":0,"href":"https:\/\/elcabilo.com\/radio\/wp-json\/wp\/v2\/posts\/489\/revisions"}],"wp:featuredmedia":[{"embeddable":true,"href":"https:\/\/elcabilo.com\/radio\/wp-json\/wp\/v2\/media\/490"}],"wp:attachment":[{"href":"https:\/\/elcabilo.com\/radio\/wp-json\/wp\/v2\/media?parent=489"}],"wp:term":[{"taxonomy":"category","embeddable":true,"href":"https:\/\/elcabilo.com\/radio\/wp-json\/wp\/v2\/categories?post=489"},{"taxonomy":"post_tag","embeddable":true,"href":"https:\/\/elcabilo.com\/radio\/wp-json\/wp\/v2\/tags?post=489"}],"curies":[{"name":"wp","href":"https:\/\/api.w.org\/{rel}","templated":true}]}}