{"id":489,"date":"2013-02-17T23:50:30","date_gmt":"2013-02-17T22:50:30","guid":{"rendered":"http:\/\/elcabilo.com\/radio\/?p=489"},"modified":"2013-02-17T22:42:16","modified_gmt":"2013-02-17T21:42:16","slug":"la-ciencia-de-cada-dia-3-el-vol-dels-avions-i-altres-efectes","status":"publish","type":"post","link":"https:\/\/elcabilo.com\/radio\/2013\/02\/17\/la-ciencia-de-cada-dia-3-el-vol-dels-avions-i-altres-efectes\/","title":{"rendered":"La ci\u00e8ncia de cada d\u00eda &#8211; 3.El vol dels avions i altres efectes"},"content":{"rendered":"<p style=\"text-align: justify;\">Ho considerem ja habitual i per aix\u00f2 no ens adonem que, en veritat, \u00e9s un fet extraordinari: <em>podem volar amb els avions!<\/em><\/p>\n<p style=\"text-align: justify;\">En el programa de hui, explicarem de manera simplificada quina \u00e9s la f\u00edsica que hi ha darrere de la sustentaci\u00f3 en l&#8217;aire dels avions o dels pardals. Veurem que, a banda d&#8217;aquest fenomen, l&#8217;efecte que ho explica tamb\u00e9 permet aclarir per qu\u00e8 un bal\u00f3 pot agafar \u00abefecte\u00bb i es pot marcar l&#8217;anomenat gol ol\u00edmpic. Del que parlarem \u00e9s de l&#8217;efecte Venturi.<\/p>\n<p style=\"text-align: center;\"><a class=\"{skin:'blue', animate:true, width:'200', volume:0.6, autoplay:false, showVolumeLevel:true, showTime:true, showRew:true, downloadable:true, downloadablesecurity:false}\" id=\"mbmaplayer_1361137113415\" href=\"https:\/\/archive.org\/download\/03CienciaAvions\/03-Ciencia_Avions.mp3\">Ci\u00e8ncia 3 &#8211; El vol dels avions<\/a><textarea class=\"map_params\" style=\"display: block; padding: 3px; background: #444; color: #fff; text-decoration: none;\" disabled=\"disabled\">map :: {skin:&#8217;blue&#8217;, animate:true, width:&#8217;200&#8242;, volume:0.6, autoplay:false, showVolumeLevel:true, showTime:true, showRew:true, downloadable:true, downloadablesecurity:false}<\/textarea><\/p>\n","protected":false},"excerpt":{"rendered":"<p>Ho considerem ja habitual i per aix\u00f2 no ens adonem que, en veritat, \u00e9s un fet extraordinari: podem volar amb els avions! En el programa de hui, explicarem de manera simplificada quina \u00e9s la f\u00edsica que hi ha darrere de la sustentaci\u00f3 en l&#8217;aire dels avions o dels pardals. Veurem que, a banda d&#8217;aquest fenomen, [&hellip;]<\/p>\n","protected":false},"author":272,"featured_media":490,"comment_status":"open","ping_status":"open","sticky":false,"template":"","format":"standard","meta":{"_exactmetrics_skip_tracking":false,"footnotes":""},"categories":[9],"tags":[],"class_list":["post-489","post","type-post","status-publish","format-standard","has-post-thumbnail","hentry","category-ciencia"],"aioseo_notices":[],"aioseo_head":"\n\t\t<!-- All in One SEO 5.0.1 - aioseo.com -->\n\t<meta name=\"description\" content=\"Ho considerem ja habitual i per aix\u00f2 no ens adonem que, en veritat, \u00e9s un fet extraordinari: podem volar amb els avions! En el programa de hui, explicarem de manera simplificada quina \u00e9s la f\u00edsica que hi ha darrere de la sustentaci\u00f3 en l&#039;aire dels avions o dels pardals. Veurem que, a banda d&#039;aquest fenomen,\" \/>\n\t<meta name=\"robots\" content=\"max-image-preview:large\" \/>\n\t<meta name=\"author\" content=\"radio\"\/>\n\t<link rel=\"canonical\" href=\"https:\/\/elcabilo.com\/radio\/2013\/02\/17\/la-ciencia-de-cada-dia-3-el-vol-dels-avions-i-altres-efectes\/\" \/>\n\t<meta name=\"generator\" content=\"All in One SEO (AIOSEO) 5.0.1\" \/>\n\t\t<meta property=\"og:locale\" content=\"ca_ES\" \/>\n\t\t<meta property=\"og:site_name\" content=\"Cabil\u00f3R\u00e0dio - La r\u00e0dio online de Sella\" \/>\n\t\t<meta property=\"og:type\" content=\"article\" \/>\n\t\t<meta property=\"og:title\" content=\"La ci\u00e8ncia de cada d\u00eda \u2013 3.El vol dels avions i altres efectes - Cabil\u00f3R\u00e0dio\" \/>\n\t\t<meta property=\"og:description\" content=\"Ho considerem ja habitual i per aix\u00f2 no ens adonem que, en veritat, \u00e9s un fet extraordinari: podem volar amb els avions! En el programa de hui, explicarem de manera simplificada quina \u00e9s la f\u00edsica que hi ha darrere de la sustentaci\u00f3 en l&#039;aire dels avions o dels pardals. Veurem que, a banda d&#039;aquest fenomen,\" \/>\n\t\t<meta property=\"og:url\" content=\"https:\/\/elcabilo.com\/radio\/2013\/02\/17\/la-ciencia-de-cada-dia-3-el-vol-dels-avions-i-altres-efectes\/\" \/>\n\t\t<meta property=\"og:image\" content=\"https:\/\/elcabilo.com\/radio\/files\/2023\/01\/cropped-logo_radio-1.gif\" \/>\n\t\t<meta property=\"og:image:secure_url\" content=\"https:\/\/elcabilo.com\/radio\/files\/2023\/01\/cropped-logo_radio-1.gif\" \/>\n\t\t<meta property=\"article:published_time\" content=\"2013-02-17T22:50:30+00:00\" \/>\n\t\t<meta property=\"article:modified_time\" content=\"2013-02-17T21:42:16+00:00\" \/>\n\t\t<meta name=\"twitter:card\" content=\"summary_large_image\" \/>\n\t\t<meta name=\"twitter:title\" content=\"La ci\u00e8ncia de cada d\u00eda \u2013 3.El vol dels avions i altres efectes - Cabil\u00f3R\u00e0dio\" \/>\n\t\t<meta name=\"twitter:description\" content=\"Ho considerem ja habitual i per aix\u00f2 no ens adonem que, en veritat, \u00e9s un fet extraordinari: podem volar amb els avions! En el programa de hui, explicarem de manera simplificada quina \u00e9s la f\u00edsica que hi ha darrere de la sustentaci\u00f3 en l&#039;aire dels avions o dels pardals. Veurem que, a banda d&#039;aquest fenomen,\" \/>\n\t\t<meta name=\"twitter:image\" content=\"https:\/\/elcabilo.com\/radio\/files\/2023\/01\/cropped-logo_radio-1.gif\" \/>\n\t\t<script type=\"application\/ld+json\" class=\"aioseo-schema\">\n\t\t\t{\"@context\":\"https:\\\/\\\/schema.org\",\"@graph\":[{\"@type\":\"BlogPosting\",\"@id\":\"https:\\\/\\\/elcabilo.com\\\/radio\\\/2013\\\/02\\\/17\\\/la-ciencia-de-cada-dia-3-el-vol-dels-avions-i-altres-efectes\\\/#blogposting\",\"name\":\"La ci\\u00e8ncia de cada d\\u00eda \\u2013 3.El vol dels avions i altres efectes - Cabil\\u00f3R\\u00e0dio\",\"headline\":\"La ci\\u00e8ncia de cada d\\u00eda &#8211; 3.El vol dels avions i altres efectes\",\"author\":{\"@id\":\"https:\\\/\\\/elcabilo.com\\\/radio\\\/author\\\/radio\\\/#author\"},\"publisher\":{\"@id\":\"https:\\\/\\\/elcabilo.com\\\/radio\\\/#organization\"},\"image\":{\"@type\":\"ImageObject\",\"url\":\"https:\\\/\\\/elcabilo.com\\\/radio\\\/files\\\/2013\\\/02\\\/Ciencia_3-Avions.jpg\",\"width\":905,\"height\":303},\"datePublished\":\"2013-02-17T23:50:30+01:00\",\"dateModified\":\"2013-02-17T22:42:16+01:00\",\"inLanguage\":\"ca\",\"commentCount\":10,\"mainEntityOfPage\":{\"@id\":\"https:\\\/\\\/elcabilo.com\\\/radio\\\/2013\\\/02\\\/17\\\/la-ciencia-de-cada-dia-3-el-vol-dels-avions-i-altres-efectes\\\/#webpage\"},\"isPartOf\":{\"@id\":\"https:\\\/\\\/elcabilo.com\\\/radio\\\/2013\\\/02\\\/17\\\/la-ciencia-de-cada-dia-3-el-vol-dels-avions-i-altres-efectes\\\/#webpage\"},\"articleSection\":\"La ci\\u00e8ncia de cada dia\"},{\"@type\":\"BreadcrumbList\",\"@id\":\"https:\\\/\\\/elcabilo.com\\\/radio\\\/2013\\\/02\\\/17\\\/la-ciencia-de-cada-dia-3-el-vol-dels-avions-i-altres-efectes\\\/#breadcrumblist\",\"itemListElement\":[{\"@type\":\"ListItem\",\"@id\":\"https:\\\/\\\/elcabilo.com\\\/radio#listItem\",\"position\":1,\"name\":\"Home\",\"item\":\"https:\\\/\\\/elcabilo.com\\\/radio\",\"nextItem\":{\"@type\":\"ListItem\",\"@id\":\"https:\\\/\\\/elcabilo.com\\\/radio\\\/category\\\/programes\\\/#listItem\",\"name\":\"Programes\"}},{\"@type\":\"ListItem\",\"@id\":\"https:\\\/\\\/elcabilo.com\\\/radio\\\/category\\\/programes\\\/#listItem\",\"position\":2,\"name\":\"Programes\",\"item\":\"https:\\\/\\\/elcabilo.com\\\/radio\\\/category\\\/programes\\\/\",\"nextItem\":{\"@type\":\"ListItem\",\"@id\":\"https:\\\/\\\/elcabilo.com\\\/radio\\\/category\\\/programes\\\/ciencia\\\/#listItem\",\"name\":\"La ci\\u00e8ncia de cada dia\"},\"previousItem\":{\"@type\":\"ListItem\",\"@id\":\"https:\\\/\\\/elcabilo.com\\\/radio#listItem\",\"name\":\"Home\"}},{\"@type\":\"ListItem\",\"@id\":\"https:\\\/\\\/elcabilo.com\\\/radio\\\/category\\\/programes\\\/ciencia\\\/#listItem\",\"position\":3,\"name\":\"La ci\\u00e8ncia de cada dia\",\"item\":\"https:\\\/\\\/elcabilo.com\\\/radio\\\/category\\\/programes\\\/ciencia\\\/\",\"nextItem\":{\"@type\":\"ListItem\",\"@id\":\"https:\\\/\\\/elcabilo.com\\\/radio\\\/2013\\\/02\\\/17\\\/la-ciencia-de-cada-dia-3-el-vol-dels-avions-i-altres-efectes\\\/#listItem\",\"name\":\"La ci\\u00e8ncia de cada d\\u00eda &#8211; 3.El vol dels avions i altres efectes\"},\"previousItem\":{\"@type\":\"ListItem\",\"@id\":\"https:\\\/\\\/elcabilo.com\\\/radio\\\/category\\\/programes\\\/#listItem\",\"name\":\"Programes\"}},{\"@type\":\"ListItem\",\"@id\":\"https:\\\/\\\/elcabilo.com\\\/radio\\\/2013\\\/02\\\/17\\\/la-ciencia-de-cada-dia-3-el-vol-dels-avions-i-altres-efectes\\\/#listItem\",\"position\":4,\"name\":\"La ci\\u00e8ncia de cada d\\u00eda &#8211; 3.El vol dels avions i altres efectes\",\"previousItem\":{\"@type\":\"ListItem\",\"@id\":\"https:\\\/\\\/elcabilo.com\\\/radio\\\/category\\\/programes\\\/ciencia\\\/#listItem\",\"name\":\"La ci\\u00e8ncia de cada dia\"}}]},{\"@type\":\"Organization\",\"@id\":\"https:\\\/\\\/elcabilo.com\\\/radio\\\/#organization\",\"name\":\"Cabil\\u00f3 R\\u00e0dio\",\"description\":\"La r\\u00e0dio online de Sella\",\"url\":\"https:\\\/\\\/elcabilo.com\\\/radio\\\/\",\"logo\":{\"@type\":\"ImageObject\",\"url\":\"https:\\\/\\\/elcabilo.com\\\/radio\\\/files\\\/2023\\\/01\\\/cropped-logo_radio-1.gif\",\"@id\":\"https:\\\/\\\/elcabilo.com\\\/radio\\\/2013\\\/02\\\/17\\\/la-ciencia-de-cada-dia-3-el-vol-dels-avions-i-altres-efectes\\\/#organizationLogo\",\"width\":250,\"height\":50},\"image\":{\"@id\":\"https:\\\/\\\/elcabilo.com\\\/radio\\\/2013\\\/02\\\/17\\\/la-ciencia-de-cada-dia-3-el-vol-dels-avions-i-altres-efectes\\\/#organizationLogo\"}},{\"@type\":\"Person\",\"@id\":\"https:\\\/\\\/elcabilo.com\\\/radio\\\/author\\\/radio\\\/#author\",\"url\":\"https:\\\/\\\/elcabilo.com\\\/radio\\\/author\\\/radio\\\/\",\"name\":\"radio\",\"image\":{\"@type\":\"ImageObject\",\"@id\":\"https:\\\/\\\/elcabilo.com\\\/radio\\\/2013\\\/02\\\/17\\\/la-ciencia-de-cada-dia-3-el-vol-dels-avions-i-altres-efectes\\\/#authorImage\",\"url\":\"https:\\\/\\\/secure.gravatar.com\\\/avatar\\\/bb687b465db46b8e9255d0921cc346091032a91fe77f93721088d5decb8a2d1a?s=96&d=mm&r=g\",\"width\":96,\"height\":96,\"caption\":\"radio\"}},{\"@type\":\"WebPage\",\"@id\":\"https:\\\/\\\/elcabilo.com\\\/radio\\\/2013\\\/02\\\/17\\\/la-ciencia-de-cada-dia-3-el-vol-dels-avions-i-altres-efectes\\\/#webpage\",\"url\":\"https:\\\/\\\/elcabilo.com\\\/radio\\\/2013\\\/02\\\/17\\\/la-ciencia-de-cada-dia-3-el-vol-dels-avions-i-altres-efectes\\\/\",\"name\":\"La ci\\u00e8ncia de cada d\\u00eda \\u2013 3.El vol dels avions i altres efectes - Cabil\\u00f3R\\u00e0dio\",\"description\":\"Ho considerem ja habitual i per aix\\u00f2 no ens adonem que, en veritat, \\u00e9s un fet extraordinari: podem volar amb els avions! En el programa de hui, explicarem de manera simplificada quina \\u00e9s la f\\u00edsica que hi ha darrere de la sustentaci\\u00f3 en l'aire dels avions o dels pardals. Veurem que, a banda d'aquest fenomen,\",\"inLanguage\":\"ca\",\"isPartOf\":{\"@id\":\"https:\\\/\\\/elcabilo.com\\\/radio\\\/#website\"},\"breadcrumb\":{\"@id\":\"https:\\\/\\\/elcabilo.com\\\/radio\\\/2013\\\/02\\\/17\\\/la-ciencia-de-cada-dia-3-el-vol-dels-avions-i-altres-efectes\\\/#breadcrumblist\"},\"author\":{\"@id\":\"https:\\\/\\\/elcabilo.com\\\/radio\\\/author\\\/radio\\\/#author\"},\"creator\":{\"@id\":\"https:\\\/\\\/elcabilo.com\\\/radio\\\/author\\\/radio\\\/#author\"},\"image\":{\"@type\":\"ImageObject\",\"url\":\"https:\\\/\\\/elcabilo.com\\\/radio\\\/files\\\/2013\\\/02\\\/Ciencia_3-Avions.jpg\",\"@id\":\"https:\\\/\\\/elcabilo.com\\\/radio\\\/2013\\\/02\\\/17\\\/la-ciencia-de-cada-dia-3-el-vol-dels-avions-i-altres-efectes\\\/#mainImage\",\"width\":905,\"height\":303},\"primaryImageOfPage\":{\"@id\":\"https:\\\/\\\/elcabilo.com\\\/radio\\\/2013\\\/02\\\/17\\\/la-ciencia-de-cada-dia-3-el-vol-dels-avions-i-altres-efectes\\\/#mainImage\"},\"datePublished\":\"2013-02-17T23:50:30+01:00\",\"dateModified\":\"2013-02-17T22:42:16+01:00\"},{\"@type\":\"WebSite\",\"@id\":\"https:\\\/\\\/elcabilo.com\\\/radio\\\/#website\",\"url\":\"https:\\\/\\\/elcabilo.com\\\/radio\\\/\",\"name\":\"Cabil\\u00f3 R\\u00e0dio\",\"description\":\"La r\\u00e0dio online de Sella\",\"inLanguage\":\"ca\",\"publisher\":{\"@id\":\"https:\\\/\\\/elcabilo.com\\\/radio\\\/#organization\"}}]}\n\t\t<\/script>\n\t\t<!-- All in One SEO -->\n\n","aioseo_head_json":{"title":"La ci\u00e8ncia de cada d\u00eda \u2013 3.El vol dels avions i altres efectes - Cabil\u00f3R\u00e0dio","description":"Ho considerem ja habitual i per aix\u00f2 no ens adonem que, en veritat, \u00e9s un fet extraordinari: podem volar amb els avions! En el programa de hui, explicarem de manera simplificada quina \u00e9s la f\u00edsica que hi ha darrere de la sustentaci\u00f3 en l'aire dels avions o dels pardals. Veurem que, a banda d'aquest fenomen,","canonical_url":"https:\/\/elcabilo.com\/radio\/2013\/02\/17\/la-ciencia-de-cada-dia-3-el-vol-dels-avions-i-altres-efectes\/","robots":"max-image-preview:large","keywords":"","webmasterTools":{"miscellaneous":""},"schema":{"@context":"https:\/\/schema.org","@graph":[{"@type":"BlogPosting","@id":"https:\/\/elcabilo.com\/radio\/2013\/02\/17\/la-ciencia-de-cada-dia-3-el-vol-dels-avions-i-altres-efectes\/#blogposting","name":"La ci\u00e8ncia de cada d\u00eda \u2013 3.El vol dels avions i altres efectes - Cabil\u00f3R\u00e0dio","headline":"La ci\u00e8ncia de cada d\u00eda &#8211; 3.El vol dels avions i altres efectes","author":{"@id":"https:\/\/elcabilo.com\/radio\/author\/radio\/#author"},"publisher":{"@id":"https:\/\/elcabilo.com\/radio\/#organization"},"image":{"@type":"ImageObject","url":"https:\/\/elcabilo.com\/radio\/files\/2013\/02\/Ciencia_3-Avions.jpg","width":905,"height":303},"datePublished":"2013-02-17T23:50:30+01:00","dateModified":"2013-02-17T22:42:16+01:00","inLanguage":"ca","commentCount":10,"mainEntityOfPage":{"@id":"https:\/\/elcabilo.com\/radio\/2013\/02\/17\/la-ciencia-de-cada-dia-3-el-vol-dels-avions-i-altres-efectes\/#webpage"},"isPartOf":{"@id":"https:\/\/elcabilo.com\/radio\/2013\/02\/17\/la-ciencia-de-cada-dia-3-el-vol-dels-avions-i-altres-efectes\/#webpage"},"articleSection":"La ci\u00e8ncia de cada dia"},{"@type":"BreadcrumbList","@id":"https:\/\/elcabilo.com\/radio\/2013\/02\/17\/la-ciencia-de-cada-dia-3-el-vol-dels-avions-i-altres-efectes\/#breadcrumblist","itemListElement":[{"@type":"ListItem","@id":"https:\/\/elcabilo.com\/radio#listItem","position":1,"name":"Home","item":"https:\/\/elcabilo.com\/radio","nextItem":{"@type":"ListItem","@id":"https:\/\/elcabilo.com\/radio\/category\/programes\/#listItem","name":"Programes"}},{"@type":"ListItem","@id":"https:\/\/elcabilo.com\/radio\/category\/programes\/#listItem","position":2,"name":"Programes","item":"https:\/\/elcabilo.com\/radio\/category\/programes\/","nextItem":{"@type":"ListItem","@id":"https:\/\/elcabilo.com\/radio\/category\/programes\/ciencia\/#listItem","name":"La ci\u00e8ncia de cada dia"},"previousItem":{"@type":"ListItem","@id":"https:\/\/elcabilo.com\/radio#listItem","name":"Home"}},{"@type":"ListItem","@id":"https:\/\/elcabilo.com\/radio\/category\/programes\/ciencia\/#listItem","position":3,"name":"La ci\u00e8ncia de cada dia","item":"https:\/\/elcabilo.com\/radio\/category\/programes\/ciencia\/","nextItem":{"@type":"ListItem","@id":"https:\/\/elcabilo.com\/radio\/2013\/02\/17\/la-ciencia-de-cada-dia-3-el-vol-dels-avions-i-altres-efectes\/#listItem","name":"La ci\u00e8ncia de cada d\u00eda &#8211; 3.El vol dels avions i altres efectes"},"previousItem":{"@type":"ListItem","@id":"https:\/\/elcabilo.com\/radio\/category\/programes\/#listItem","name":"Programes"}},{"@type":"ListItem","@id":"https:\/\/elcabilo.com\/radio\/2013\/02\/17\/la-ciencia-de-cada-dia-3-el-vol-dels-avions-i-altres-efectes\/#listItem","position":4,"name":"La ci\u00e8ncia de cada d\u00eda &#8211; 3.El vol dels avions i altres efectes","previousItem":{"@type":"ListItem","@id":"https:\/\/elcabilo.com\/radio\/category\/programes\/ciencia\/#listItem","name":"La ci\u00e8ncia de cada dia"}}]},{"@type":"Organization","@id":"https:\/\/elcabilo.com\/radio\/#organization","name":"Cabil\u00f3 R\u00e0dio","description":"La r\u00e0dio online de Sella","url":"https:\/\/elcabilo.com\/radio\/","logo":{"@type":"ImageObject","url":"https:\/\/elcabilo.com\/radio\/files\/2023\/01\/cropped-logo_radio-1.gif","@id":"https:\/\/elcabilo.com\/radio\/2013\/02\/17\/la-ciencia-de-cada-dia-3-el-vol-dels-avions-i-altres-efectes\/#organizationLogo","width":250,"height":50},"image":{"@id":"https:\/\/elcabilo.com\/radio\/2013\/02\/17\/la-ciencia-de-cada-dia-3-el-vol-dels-avions-i-altres-efectes\/#organizationLogo"}},{"@type":"Person","@id":"https:\/\/elcabilo.com\/radio\/author\/radio\/#author","url":"https:\/\/elcabilo.com\/radio\/author\/radio\/","name":"radio","image":{"@type":"ImageObject","@id":"https:\/\/elcabilo.com\/radio\/2013\/02\/17\/la-ciencia-de-cada-dia-3-el-vol-dels-avions-i-altres-efectes\/#authorImage","url":"https:\/\/secure.gravatar.com\/avatar\/bb687b465db46b8e9255d0921cc346091032a91fe77f93721088d5decb8a2d1a?s=96&d=mm&r=g","width":96,"height":96,"caption":"radio"}},{"@type":"WebPage","@id":"https:\/\/elcabilo.com\/radio\/2013\/02\/17\/la-ciencia-de-cada-dia-3-el-vol-dels-avions-i-altres-efectes\/#webpage","url":"https:\/\/elcabilo.com\/radio\/2013\/02\/17\/la-ciencia-de-cada-dia-3-el-vol-dels-avions-i-altres-efectes\/","name":"La ci\u00e8ncia de cada d\u00eda \u2013 3.El vol dels avions i altres efectes - Cabil\u00f3R\u00e0dio","description":"Ho considerem ja habitual i per aix\u00f2 no ens adonem que, en veritat, \u00e9s un fet extraordinari: podem volar amb els avions! En el programa de hui, explicarem de manera simplificada quina \u00e9s la f\u00edsica que hi ha darrere de la sustentaci\u00f3 en l'aire dels avions o dels pardals. Veurem que, a banda d'aquest fenomen,","inLanguage":"ca","isPartOf":{"@id":"https:\/\/elcabilo.com\/radio\/#website"},"breadcrumb":{"@id":"https:\/\/elcabilo.com\/radio\/2013\/02\/17\/la-ciencia-de-cada-dia-3-el-vol-dels-avions-i-altres-efectes\/#breadcrumblist"},"author":{"@id":"https:\/\/elcabilo.com\/radio\/author\/radio\/#author"},"creator":{"@id":"https:\/\/elcabilo.com\/radio\/author\/radio\/#author"},"image":{"@type":"ImageObject","url":"https:\/\/elcabilo.com\/radio\/files\/2013\/02\/Ciencia_3-Avions.jpg","@id":"https:\/\/elcabilo.com\/radio\/2013\/02\/17\/la-ciencia-de-cada-dia-3-el-vol-dels-avions-i-altres-efectes\/#mainImage","width":905,"height":303},"primaryImageOfPage":{"@id":"https:\/\/elcabilo.com\/radio\/2013\/02\/17\/la-ciencia-de-cada-dia-3-el-vol-dels-avions-i-altres-efectes\/#mainImage"},"datePublished":"2013-02-17T23:50:30+01:00","dateModified":"2013-02-17T22:42:16+01:00"},{"@type":"WebSite","@id":"https:\/\/elcabilo.com\/radio\/#website","url":"https:\/\/elcabilo.com\/radio\/","name":"Cabil\u00f3 R\u00e0dio","description":"La r\u00e0dio online de Sella","inLanguage":"ca","publisher":{"@id":"https:\/\/elcabilo.com\/radio\/#organization"}}]},"og:locale":"ca_ES","og:site_name":"Cabil\u00f3R\u00e0dio - La r\u00e0dio online de Sella","og:type":"article","og:title":"La ci\u00e8ncia de cada d\u00eda \u2013 3.El vol dels avions i altres efectes - Cabil\u00f3R\u00e0dio","og:description":"Ho considerem ja habitual i per aix\u00f2 no ens adonem que, en veritat, \u00e9s un fet extraordinari: podem volar amb els avions! En el programa de hui, explicarem de manera simplificada quina \u00e9s la f\u00edsica que hi ha darrere de la sustentaci\u00f3 en l'aire dels avions o dels pardals. Veurem que, a banda d'aquest fenomen,","og:url":"https:\/\/elcabilo.com\/radio\/2013\/02\/17\/la-ciencia-de-cada-dia-3-el-vol-dels-avions-i-altres-efectes\/","og:image":"https:\/\/elcabilo.com\/radio\/files\/2023\/01\/cropped-logo_radio-1.gif","og:image:secure_url":"https:\/\/elcabilo.com\/radio\/files\/2023\/01\/cropped-logo_radio-1.gif","article:published_time":"2013-02-17T22:50:30+00:00","article:modified_time":"2013-02-17T21:42:16+00:00","twitter:card":"summary_large_image","twitter:title":"La ci\u00e8ncia de cada d\u00eda \u2013 3.El vol dels avions i altres efectes - Cabil\u00f3R\u00e0dio","twitter:description":"Ho considerem ja habitual i per aix\u00f2 no ens adonem que, en veritat, \u00e9s un fet extraordinari: podem volar amb els avions! En el programa de hui, explicarem de manera simplificada quina \u00e9s la f\u00edsica que hi ha darrere de la sustentaci\u00f3 en l'aire dels avions o dels pardals. Veurem que, a banda d'aquest fenomen,","twitter:image":"https:\/\/elcabilo.com\/radio\/files\/2023\/01\/cropped-logo_radio-1.gif"},"aioseo_meta_data":{"post_id":"489","title":null,"description":null,"keywords":null,"keyphrases":null,"primary_term":null,"canonical_url":null,"og_title":null,"og_description":null,"og_object_type":"default","og_image_type":"default","og_image_url":null,"og_image_width":null,"og_image_height":null,"og_image_custom_url":null,"og_image_custom_fields":null,"og_video":null,"og_custom_url":null,"og_article_section":null,"og_article_tags":null,"twitter_use_og":false,"twitter_card":"default","twitter_image_type":"default","twitter_image_url":null,"twitter_image_custom_url":null,"twitter_image_custom_fields":null,"twitter_title":null,"twitter_description":null,"schema":{"blockGraphs":[],"customGraphs":[],"default":{"data":{"Article":[],"Course":[],"Dataset":[],"FAQPage":[],"Movie":[],"Person":[],"Product":[],"ProductReview":[],"Car":[],"Recipe":[],"Service":[],"SoftwareApplication":[],"WebPage":[]},"graphName":"","isEnabled":true},"graphs":[]},"schema_type":"default","schema_type_options":null,"pillar_content":false,"robots_default":true,"robots_noindex":false,"robots_noarchive":false,"robots_nosnippet":false,"robots_nofollow":false,"robots_noimageindex":false,"robots_noodp":false,"robots_notranslate":false,"robots_max_snippet":null,"robots_max_videopreview":null,"robots_max_imagepreview":"large","priority":null,"frequency":null,"local_seo":null,"breadcrumb_settings":null,"limit_modified_date":false,"ai":null,"created":"2023-01-27 22:02:49","updated":"2025-06-08 18:57:43","seo_analyzer_scan_date":null,"focus_keyword":null,"additional_keywords":null,"truseo_locale":null},"aioseo_breadcrumb":"<div class=\"aioseo-breadcrumbs\"><span class=\"aioseo-breadcrumb\">\n\t\t\t<a href=\"https:\/\/elcabilo.com\/radio\" title=\"Home\">Home<\/a>\n\t\t<\/span><span class=\"aioseo-breadcrumb-separator\">&raquo;<\/span><span class=\"aioseo-breadcrumb\">\n\t\t\t<a href=\"https:\/\/elcabilo.com\/radio\/category\/programes\/\" title=\"Programes\">Programes<\/a>\n\t\t<\/span><span class=\"aioseo-breadcrumb-separator\">&raquo;<\/span><span class=\"aioseo-breadcrumb\">\n\t\t\t<a href=\"https:\/\/elcabilo.com\/radio\/category\/programes\/ciencia\/\" title=\"La ci\u00e8ncia de cada dia\">La ci\u00e8ncia de cada dia<\/a>\n\t\t<\/span><span class=\"aioseo-breadcrumb-separator\">&raquo;<\/span><span class=\"aioseo-breadcrumb\">\n\t\t\tLa ci\u00e8ncia de cada d\u00eda \u2013 3.El vol dels avions i altres efectes\n\t\t<\/span><\/div>","aioseo_breadcrumb_json":[{"label":"Home","link":"https:\/\/elcabilo.com\/radio"},{"label":"Programes","link":"https:\/\/elcabilo.com\/radio\/category\/programes\/"},{"label":"La ci\u00e8ncia de cada dia","link":"https:\/\/elcabilo.com\/radio\/category\/programes\/ciencia\/"},{"label":"La ci\u00e8ncia de cada d\u00eda &#8211; 3.El vol dels avions i altres efectes","link":"https:\/\/elcabilo.com\/radio\/2013\/02\/17\/la-ciencia-de-cada-dia-3-el-vol-dels-avions-i-altres-efectes\/"}],"_links":{"self":[{"href":"https:\/\/elcabilo.com\/radio\/wp-json\/wp\/v2\/posts\/489","targetHints":{"allow":["GET"]}}],"collection":[{"href":"https:\/\/elcabilo.com\/radio\/wp-json\/wp\/v2\/posts"}],"about":[{"href":"https:\/\/elcabilo.com\/radio\/wp-json\/wp\/v2\/types\/post"}],"author":[{"embeddable":true,"href":"https:\/\/elcabilo.com\/radio\/wp-json\/wp\/v2\/users\/272"}],"replies":[{"embeddable":true,"href":"https:\/\/elcabilo.com\/radio\/wp-json\/wp\/v2\/comments?post=489"}],"version-history":[{"count":0,"href":"https:\/\/elcabilo.com\/radio\/wp-json\/wp\/v2\/posts\/489\/revisions"}],"wp:featuredmedia":[{"embeddable":true,"href":"https:\/\/elcabilo.com\/radio\/wp-json\/wp\/v2\/media\/490"}],"wp:attachment":[{"href":"https:\/\/elcabilo.com\/radio\/wp-json\/wp\/v2\/media?parent=489"}],"wp:term":[{"taxonomy":"category","embeddable":true,"href":"https:\/\/elcabilo.com\/radio\/wp-json\/wp\/v2\/categories?post=489"},{"taxonomy":"post_tag","embeddable":true,"href":"https:\/\/elcabilo.com\/radio\/wp-json\/wp\/v2\/tags?post=489"}],"curies":[{"name":"wp","href":"https:\/\/api.w.org\/{rel}","templated":true}]}}