{"id":518,"date":"2013-03-04T00:00:42","date_gmt":"2013-03-03T23:00:42","guid":{"rendered":"http:\/\/elcabilo.com\/radio\/?p=518"},"modified":"2013-03-02T12:16:58","modified_gmt":"2013-03-02T11:16:58","slug":"ara-em-toca-a-mi-3-a-gustet-amb-agosti","status":"publish","type":"post","link":"https:\/\/elcabilo.com\/radio\/2013\/03\/04\/ara-em-toca-a-mi-3-a-gustet-amb-agosti\/","title":{"rendered":"Ara em toca a mi &#8211; 3. A gustet amb Agost\u00ed"},"content":{"rendered":"<p style=\"text-align: justify;\">Aquesta vegada anem de descobriments; psicod\u00e8lia dels 70, una barreja de jota i pop&#8230;i\u00a0de la m\u00e0 d\u2019Agost\u00ed descobrirem un artista fam\u00f3s i desconegut alhora: Franco Battiato.<\/p>\n<p style=\"text-align: justify;\">Tamb\u00e9 apareixer\u00e0 el senyor Rosendo Mercado i els Ramones, i acabarem amb un veritable\u00a0\u201crompepistas\u201d d\u2019aquesta primera edici\u00f3 amb 5 can\u00e7ons.<\/p>\n<p>&nbsp;<\/p>\n<p style=\"text-align: center;\"><a class=\"{skin:'blue', animate:true, width:'200', volume:0.6, autoplay:false, showVolumeLevel:true, showTime:true, showRew:true, downloadable:true, downloadablesecurity:false}\" id=\"mbmaplayer_1362218816487\" href=\"http:\/\/archive.org\/download\/ara_em_toca_a_mi_febrer_13\/ara_em_toca_a_mi_3.mp3\">Ara em toca a mi 3<\/a><textarea class=\"map_params\" style=\"display: block; padding: 3px; background: #444; color: #fff; text-decoration: none;\" disabled=\"disabled\">map :: {skin:&#8217;blue&#8217;, animate:true, width:&#8217;200&#8242;, volume:0.6, autoplay:false, showVolumeLevel:true, showTime:true, showRew:true, downloadable:true, downloadablesecurity:false}<\/textarea><\/p>\n","protected":false},"excerpt":{"rendered":"<p>Aquesta vegada anem de descobriments; psicod\u00e8lia dels 70, una barreja de jota i pop&#8230;i\u00a0de la m\u00e0 d\u2019Agost\u00ed descobrirem un artista fam\u00f3s i desconegut alhora: Franco Battiato. Tamb\u00e9 apareixer\u00e0 el senyor Rosendo Mercado i els Ramones, i acabarem amb un veritable\u00a0\u201crompepistas\u201d d\u2019aquesta primera edici\u00f3 amb 5 can\u00e7ons. &nbsp; Ara em toca a mi 3map :: {skin:&#8217;blue&#8217;, [&hellip;]<\/p>\n","protected":false},"author":272,"featured_media":91,"comment_status":"open","ping_status":"open","sticky":false,"template":"","format":"standard","meta":{"_exactmetrics_skip_tracking":false,"footnotes":""},"categories":[10],"tags":[],"class_list":["post-518","post","type-post","status-publish","format-standard","has-post-thumbnail","hentry","category-ara-em-toca-a-mi"],"aioseo_notices":[],"aioseo_head":"\n\t\t<!-- All in One SEO 5.0.1 - aioseo.com -->\n\t<meta name=\"description\" content=\"Aquesta vegada anem de descobriments; psicod\u00e8lia dels 70, una barreja de jota i pop...i de la m\u00e0 d\u2019Agost\u00ed descobrirem un artista fam\u00f3s i desconegut alhora: Franco Battiato. Tamb\u00e9 apareixer\u00e0 el senyor Rosendo Mercado i els Ramones, i acabarem amb un veritable \u201crompepistas\u201d d\u2019aquesta primera edici\u00f3 amb 5 can\u00e7ons. Ara em toca a mi 3map :: {skin:&#039;blue&#039;,\" \/>\n\t<meta name=\"robots\" content=\"max-image-preview:large\" \/>\n\t<meta name=\"author\" content=\"radio\"\/>\n\t<link rel=\"canonical\" href=\"https:\/\/elcabilo.com\/radio\/2013\/03\/04\/ara-em-toca-a-mi-3-a-gustet-amb-agosti\/\" \/>\n\t<meta name=\"generator\" content=\"All in One SEO (AIOSEO) 5.0.1\" \/>\n\t\t<meta property=\"og:locale\" content=\"ca_ES\" \/>\n\t\t<meta property=\"og:site_name\" content=\"Cabil\u00f3R\u00e0dio - La r\u00e0dio online de Sella\" \/>\n\t\t<meta property=\"og:type\" content=\"article\" \/>\n\t\t<meta property=\"og:title\" content=\"Ara em toca a mi \u2013 3. A gustet amb Agost\u00ed - Cabil\u00f3R\u00e0dio\" \/>\n\t\t<meta property=\"og:description\" content=\"Aquesta vegada anem de descobriments; psicod\u00e8lia dels 70, una barreja de jota i pop...i de la m\u00e0 d\u2019Agost\u00ed descobrirem un artista fam\u00f3s i desconegut alhora: Franco Battiato. Tamb\u00e9 apareixer\u00e0 el senyor Rosendo Mercado i els Ramones, i acabarem amb un veritable \u201crompepistas\u201d d\u2019aquesta primera edici\u00f3 amb 5 can\u00e7ons. Ara em toca a mi 3map :: {skin:&#039;blue&#039;,\" \/>\n\t\t<meta property=\"og:url\" content=\"https:\/\/elcabilo.com\/radio\/2013\/03\/04\/ara-em-toca-a-mi-3-a-gustet-amb-agosti\/\" \/>\n\t\t<meta property=\"og:image\" content=\"https:\/\/elcabilo.com\/radio\/files\/2023\/01\/cropped-logo_radio-1.gif\" \/>\n\t\t<meta property=\"og:image:secure_url\" content=\"https:\/\/elcabilo.com\/radio\/files\/2023\/01\/cropped-logo_radio-1.gif\" \/>\n\t\t<meta property=\"article:published_time\" content=\"2013-03-03T23:00:42+00:00\" \/>\n\t\t<meta property=\"article:modified_time\" content=\"2013-03-02T11:16:58+00:00\" \/>\n\t\t<meta name=\"twitter:card\" content=\"summary_large_image\" \/>\n\t\t<meta name=\"twitter:title\" content=\"Ara em toca a mi \u2013 3. A gustet amb Agost\u00ed - Cabil\u00f3R\u00e0dio\" \/>\n\t\t<meta name=\"twitter:description\" content=\"Aquesta vegada anem de descobriments; psicod\u00e8lia dels 70, una barreja de jota i pop...i de la m\u00e0 d\u2019Agost\u00ed descobrirem un artista fam\u00f3s i desconegut alhora: Franco Battiato. Tamb\u00e9 apareixer\u00e0 el senyor Rosendo Mercado i els Ramones, i acabarem amb un veritable \u201crompepistas\u201d d\u2019aquesta primera edici\u00f3 amb 5 can\u00e7ons. Ara em toca a mi 3map :: {skin:&#039;blue&#039;,\" \/>\n\t\t<meta name=\"twitter:image\" content=\"https:\/\/elcabilo.com\/radio\/files\/2023\/01\/cropped-logo_radio-1.gif\" \/>\n\t\t<script type=\"application\/ld+json\" class=\"aioseo-schema\">\n\t\t\t{\"@context\":\"https:\\\/\\\/schema.org\",\"@graph\":[{\"@type\":\"BlogPosting\",\"@id\":\"https:\\\/\\\/elcabilo.com\\\/radio\\\/2013\\\/03\\\/04\\\/ara-em-toca-a-mi-3-a-gustet-amb-agosti\\\/#blogposting\",\"name\":\"Ara em toca a mi \\u2013 3. A gustet amb Agost\\u00ed - Cabil\\u00f3R\\u00e0dio\",\"headline\":\"Ara em toca a mi &#8211; 3. A gustet amb Agost\\u00ed\",\"author\":{\"@id\":\"https:\\\/\\\/elcabilo.com\\\/radio\\\/author\\\/radio\\\/#author\"},\"publisher\":{\"@id\":\"https:\\\/\\\/elcabilo.com\\\/radio\\\/#organization\"},\"image\":{\"@type\":\"ImageObject\",\"url\":\"https:\\\/\\\/elcabilo.com\\\/radio\\\/files\\\/2012\\\/12\\\/em_toca_a_mi.jpg\",\"width\":902,\"height\":587},\"datePublished\":\"2013-03-04T00:00:42+01:00\",\"dateModified\":\"2013-03-02T12:16:58+01:00\",\"inLanguage\":\"ca\",\"commentCount\":1,\"mainEntityOfPage\":{\"@id\":\"https:\\\/\\\/elcabilo.com\\\/radio\\\/2013\\\/03\\\/04\\\/ara-em-toca-a-mi-3-a-gustet-amb-agosti\\\/#webpage\"},\"isPartOf\":{\"@id\":\"https:\\\/\\\/elcabilo.com\\\/radio\\\/2013\\\/03\\\/04\\\/ara-em-toca-a-mi-3-a-gustet-amb-agosti\\\/#webpage\"},\"articleSection\":\"Ara em toca a mi\"},{\"@type\":\"BreadcrumbList\",\"@id\":\"https:\\\/\\\/elcabilo.com\\\/radio\\\/2013\\\/03\\\/04\\\/ara-em-toca-a-mi-3-a-gustet-amb-agosti\\\/#breadcrumblist\",\"itemListElement\":[{\"@type\":\"ListItem\",\"@id\":\"https:\\\/\\\/elcabilo.com\\\/radio#listItem\",\"position\":1,\"name\":\"Home\",\"item\":\"https:\\\/\\\/elcabilo.com\\\/radio\",\"nextItem\":{\"@type\":\"ListItem\",\"@id\":\"https:\\\/\\\/elcabilo.com\\\/radio\\\/category\\\/programes\\\/#listItem\",\"name\":\"Programes\"}},{\"@type\":\"ListItem\",\"@id\":\"https:\\\/\\\/elcabilo.com\\\/radio\\\/category\\\/programes\\\/#listItem\",\"position\":2,\"name\":\"Programes\",\"item\":\"https:\\\/\\\/elcabilo.com\\\/radio\\\/category\\\/programes\\\/\",\"nextItem\":{\"@type\":\"ListItem\",\"@id\":\"https:\\\/\\\/elcabilo.com\\\/radio\\\/category\\\/programes\\\/ara-em-toca-a-mi\\\/#listItem\",\"name\":\"Ara em toca a mi\"},\"previousItem\":{\"@type\":\"ListItem\",\"@id\":\"https:\\\/\\\/elcabilo.com\\\/radio#listItem\",\"name\":\"Home\"}},{\"@type\":\"ListItem\",\"@id\":\"https:\\\/\\\/elcabilo.com\\\/radio\\\/category\\\/programes\\\/ara-em-toca-a-mi\\\/#listItem\",\"position\":3,\"name\":\"Ara em toca a mi\",\"item\":\"https:\\\/\\\/elcabilo.com\\\/radio\\\/category\\\/programes\\\/ara-em-toca-a-mi\\\/\",\"nextItem\":{\"@type\":\"ListItem\",\"@id\":\"https:\\\/\\\/elcabilo.com\\\/radio\\\/2013\\\/03\\\/04\\\/ara-em-toca-a-mi-3-a-gustet-amb-agosti\\\/#listItem\",\"name\":\"Ara em toca a mi &#8211; 3. A gustet amb Agost\\u00ed\"},\"previousItem\":{\"@type\":\"ListItem\",\"@id\":\"https:\\\/\\\/elcabilo.com\\\/radio\\\/category\\\/programes\\\/#listItem\",\"name\":\"Programes\"}},{\"@type\":\"ListItem\",\"@id\":\"https:\\\/\\\/elcabilo.com\\\/radio\\\/2013\\\/03\\\/04\\\/ara-em-toca-a-mi-3-a-gustet-amb-agosti\\\/#listItem\",\"position\":4,\"name\":\"Ara em toca a mi &#8211; 3. A gustet amb Agost\\u00ed\",\"previousItem\":{\"@type\":\"ListItem\",\"@id\":\"https:\\\/\\\/elcabilo.com\\\/radio\\\/category\\\/programes\\\/ara-em-toca-a-mi\\\/#listItem\",\"name\":\"Ara em toca a mi\"}}]},{\"@type\":\"Organization\",\"@id\":\"https:\\\/\\\/elcabilo.com\\\/radio\\\/#organization\",\"name\":\"Cabil\\u00f3 R\\u00e0dio\",\"description\":\"La r\\u00e0dio online de Sella\",\"url\":\"https:\\\/\\\/elcabilo.com\\\/radio\\\/\",\"logo\":{\"@type\":\"ImageObject\",\"url\":\"https:\\\/\\\/elcabilo.com\\\/radio\\\/files\\\/2023\\\/01\\\/cropped-logo_radio-1.gif\",\"@id\":\"https:\\\/\\\/elcabilo.com\\\/radio\\\/2013\\\/03\\\/04\\\/ara-em-toca-a-mi-3-a-gustet-amb-agosti\\\/#organizationLogo\",\"width\":250,\"height\":50},\"image\":{\"@id\":\"https:\\\/\\\/elcabilo.com\\\/radio\\\/2013\\\/03\\\/04\\\/ara-em-toca-a-mi-3-a-gustet-amb-agosti\\\/#organizationLogo\"}},{\"@type\":\"Person\",\"@id\":\"https:\\\/\\\/elcabilo.com\\\/radio\\\/author\\\/radio\\\/#author\",\"url\":\"https:\\\/\\\/elcabilo.com\\\/radio\\\/author\\\/radio\\\/\",\"name\":\"radio\",\"image\":{\"@type\":\"ImageObject\",\"@id\":\"https:\\\/\\\/elcabilo.com\\\/radio\\\/2013\\\/03\\\/04\\\/ara-em-toca-a-mi-3-a-gustet-amb-agosti\\\/#authorImage\",\"url\":\"https:\\\/\\\/secure.gravatar.com\\\/avatar\\\/bb687b465db46b8e9255d0921cc346091032a91fe77f93721088d5decb8a2d1a?s=96&d=mm&r=g\",\"width\":96,\"height\":96,\"caption\":\"radio\"}},{\"@type\":\"WebPage\",\"@id\":\"https:\\\/\\\/elcabilo.com\\\/radio\\\/2013\\\/03\\\/04\\\/ara-em-toca-a-mi-3-a-gustet-amb-agosti\\\/#webpage\",\"url\":\"https:\\\/\\\/elcabilo.com\\\/radio\\\/2013\\\/03\\\/04\\\/ara-em-toca-a-mi-3-a-gustet-amb-agosti\\\/\",\"name\":\"Ara em toca a mi \\u2013 3. A gustet amb Agost\\u00ed - Cabil\\u00f3R\\u00e0dio\",\"description\":\"Aquesta vegada anem de descobriments; psicod\\u00e8lia dels 70, una barreja de jota i pop...i de la m\\u00e0 d\\u2019Agost\\u00ed descobrirem un artista fam\\u00f3s i desconegut alhora: Franco Battiato. Tamb\\u00e9 apareixer\\u00e0 el senyor Rosendo Mercado i els Ramones, i acabarem amb un veritable \\u201crompepistas\\u201d d\\u2019aquesta primera edici\\u00f3 amb 5 can\\u00e7ons. Ara em toca a mi 3map :: {skin:'blue',\",\"inLanguage\":\"ca\",\"isPartOf\":{\"@id\":\"https:\\\/\\\/elcabilo.com\\\/radio\\\/#website\"},\"breadcrumb\":{\"@id\":\"https:\\\/\\\/elcabilo.com\\\/radio\\\/2013\\\/03\\\/04\\\/ara-em-toca-a-mi-3-a-gustet-amb-agosti\\\/#breadcrumblist\"},\"author\":{\"@id\":\"https:\\\/\\\/elcabilo.com\\\/radio\\\/author\\\/radio\\\/#author\"},\"creator\":{\"@id\":\"https:\\\/\\\/elcabilo.com\\\/radio\\\/author\\\/radio\\\/#author\"},\"image\":{\"@type\":\"ImageObject\",\"url\":\"https:\\\/\\\/elcabilo.com\\\/radio\\\/files\\\/2012\\\/12\\\/em_toca_a_mi.jpg\",\"@id\":\"https:\\\/\\\/elcabilo.com\\\/radio\\\/2013\\\/03\\\/04\\\/ara-em-toca-a-mi-3-a-gustet-amb-agosti\\\/#mainImage\",\"width\":902,\"height\":587},\"primaryImageOfPage\":{\"@id\":\"https:\\\/\\\/elcabilo.com\\\/radio\\\/2013\\\/03\\\/04\\\/ara-em-toca-a-mi-3-a-gustet-amb-agosti\\\/#mainImage\"},\"datePublished\":\"2013-03-04T00:00:42+01:00\",\"dateModified\":\"2013-03-02T12:16:58+01:00\"},{\"@type\":\"WebSite\",\"@id\":\"https:\\\/\\\/elcabilo.com\\\/radio\\\/#website\",\"url\":\"https:\\\/\\\/elcabilo.com\\\/radio\\\/\",\"name\":\"Cabil\\u00f3 R\\u00e0dio\",\"description\":\"La r\\u00e0dio online de Sella\",\"inLanguage\":\"ca\",\"publisher\":{\"@id\":\"https:\\\/\\\/elcabilo.com\\\/radio\\\/#organization\"}}]}\n\t\t<\/script>\n\t\t<!-- All in One SEO -->\n\n","aioseo_head_json":{"title":"Ara em toca a mi \u2013 3. A gustet amb Agost\u00ed - Cabil\u00f3R\u00e0dio","description":"Aquesta vegada anem de descobriments; psicod\u00e8lia dels 70, una barreja de jota i pop...i de la m\u00e0 d\u2019Agost\u00ed descobrirem un artista fam\u00f3s i desconegut alhora: Franco Battiato. Tamb\u00e9 apareixer\u00e0 el senyor Rosendo Mercado i els Ramones, i acabarem amb un veritable \u201crompepistas\u201d d\u2019aquesta primera edici\u00f3 amb 5 can\u00e7ons. Ara em toca a mi 3map :: {skin:'blue',","canonical_url":"https:\/\/elcabilo.com\/radio\/2013\/03\/04\/ara-em-toca-a-mi-3-a-gustet-amb-agosti\/","robots":"max-image-preview:large","keywords":"","webmasterTools":{"miscellaneous":""},"schema":{"@context":"https:\/\/schema.org","@graph":[{"@type":"BlogPosting","@id":"https:\/\/elcabilo.com\/radio\/2013\/03\/04\/ara-em-toca-a-mi-3-a-gustet-amb-agosti\/#blogposting","name":"Ara em toca a mi \u2013 3. A gustet amb Agost\u00ed - Cabil\u00f3R\u00e0dio","headline":"Ara em toca a mi &#8211; 3. A gustet amb Agost\u00ed","author":{"@id":"https:\/\/elcabilo.com\/radio\/author\/radio\/#author"},"publisher":{"@id":"https:\/\/elcabilo.com\/radio\/#organization"},"image":{"@type":"ImageObject","url":"https:\/\/elcabilo.com\/radio\/files\/2012\/12\/em_toca_a_mi.jpg","width":902,"height":587},"datePublished":"2013-03-04T00:00:42+01:00","dateModified":"2013-03-02T12:16:58+01:00","inLanguage":"ca","commentCount":1,"mainEntityOfPage":{"@id":"https:\/\/elcabilo.com\/radio\/2013\/03\/04\/ara-em-toca-a-mi-3-a-gustet-amb-agosti\/#webpage"},"isPartOf":{"@id":"https:\/\/elcabilo.com\/radio\/2013\/03\/04\/ara-em-toca-a-mi-3-a-gustet-amb-agosti\/#webpage"},"articleSection":"Ara em toca a mi"},{"@type":"BreadcrumbList","@id":"https:\/\/elcabilo.com\/radio\/2013\/03\/04\/ara-em-toca-a-mi-3-a-gustet-amb-agosti\/#breadcrumblist","itemListElement":[{"@type":"ListItem","@id":"https:\/\/elcabilo.com\/radio#listItem","position":1,"name":"Home","item":"https:\/\/elcabilo.com\/radio","nextItem":{"@type":"ListItem","@id":"https:\/\/elcabilo.com\/radio\/category\/programes\/#listItem","name":"Programes"}},{"@type":"ListItem","@id":"https:\/\/elcabilo.com\/radio\/category\/programes\/#listItem","position":2,"name":"Programes","item":"https:\/\/elcabilo.com\/radio\/category\/programes\/","nextItem":{"@type":"ListItem","@id":"https:\/\/elcabilo.com\/radio\/category\/programes\/ara-em-toca-a-mi\/#listItem","name":"Ara em toca a mi"},"previousItem":{"@type":"ListItem","@id":"https:\/\/elcabilo.com\/radio#listItem","name":"Home"}},{"@type":"ListItem","@id":"https:\/\/elcabilo.com\/radio\/category\/programes\/ara-em-toca-a-mi\/#listItem","position":3,"name":"Ara em toca a mi","item":"https:\/\/elcabilo.com\/radio\/category\/programes\/ara-em-toca-a-mi\/","nextItem":{"@type":"ListItem","@id":"https:\/\/elcabilo.com\/radio\/2013\/03\/04\/ara-em-toca-a-mi-3-a-gustet-amb-agosti\/#listItem","name":"Ara em toca a mi &#8211; 3. A gustet amb Agost\u00ed"},"previousItem":{"@type":"ListItem","@id":"https:\/\/elcabilo.com\/radio\/category\/programes\/#listItem","name":"Programes"}},{"@type":"ListItem","@id":"https:\/\/elcabilo.com\/radio\/2013\/03\/04\/ara-em-toca-a-mi-3-a-gustet-amb-agosti\/#listItem","position":4,"name":"Ara em toca a mi &#8211; 3. A gustet amb Agost\u00ed","previousItem":{"@type":"ListItem","@id":"https:\/\/elcabilo.com\/radio\/category\/programes\/ara-em-toca-a-mi\/#listItem","name":"Ara em toca a mi"}}]},{"@type":"Organization","@id":"https:\/\/elcabilo.com\/radio\/#organization","name":"Cabil\u00f3 R\u00e0dio","description":"La r\u00e0dio online de Sella","url":"https:\/\/elcabilo.com\/radio\/","logo":{"@type":"ImageObject","url":"https:\/\/elcabilo.com\/radio\/files\/2023\/01\/cropped-logo_radio-1.gif","@id":"https:\/\/elcabilo.com\/radio\/2013\/03\/04\/ara-em-toca-a-mi-3-a-gustet-amb-agosti\/#organizationLogo","width":250,"height":50},"image":{"@id":"https:\/\/elcabilo.com\/radio\/2013\/03\/04\/ara-em-toca-a-mi-3-a-gustet-amb-agosti\/#organizationLogo"}},{"@type":"Person","@id":"https:\/\/elcabilo.com\/radio\/author\/radio\/#author","url":"https:\/\/elcabilo.com\/radio\/author\/radio\/","name":"radio","image":{"@type":"ImageObject","@id":"https:\/\/elcabilo.com\/radio\/2013\/03\/04\/ara-em-toca-a-mi-3-a-gustet-amb-agosti\/#authorImage","url":"https:\/\/secure.gravatar.com\/avatar\/bb687b465db46b8e9255d0921cc346091032a91fe77f93721088d5decb8a2d1a?s=96&d=mm&r=g","width":96,"height":96,"caption":"radio"}},{"@type":"WebPage","@id":"https:\/\/elcabilo.com\/radio\/2013\/03\/04\/ara-em-toca-a-mi-3-a-gustet-amb-agosti\/#webpage","url":"https:\/\/elcabilo.com\/radio\/2013\/03\/04\/ara-em-toca-a-mi-3-a-gustet-amb-agosti\/","name":"Ara em toca a mi \u2013 3. A gustet amb Agost\u00ed - Cabil\u00f3R\u00e0dio","description":"Aquesta vegada anem de descobriments; psicod\u00e8lia dels 70, una barreja de jota i pop...i de la m\u00e0 d\u2019Agost\u00ed descobrirem un artista fam\u00f3s i desconegut alhora: Franco Battiato. Tamb\u00e9 apareixer\u00e0 el senyor Rosendo Mercado i els Ramones, i acabarem amb un veritable \u201crompepistas\u201d d\u2019aquesta primera edici\u00f3 amb 5 can\u00e7ons. Ara em toca a mi 3map :: {skin:'blue',","inLanguage":"ca","isPartOf":{"@id":"https:\/\/elcabilo.com\/radio\/#website"},"breadcrumb":{"@id":"https:\/\/elcabilo.com\/radio\/2013\/03\/04\/ara-em-toca-a-mi-3-a-gustet-amb-agosti\/#breadcrumblist"},"author":{"@id":"https:\/\/elcabilo.com\/radio\/author\/radio\/#author"},"creator":{"@id":"https:\/\/elcabilo.com\/radio\/author\/radio\/#author"},"image":{"@type":"ImageObject","url":"https:\/\/elcabilo.com\/radio\/files\/2012\/12\/em_toca_a_mi.jpg","@id":"https:\/\/elcabilo.com\/radio\/2013\/03\/04\/ara-em-toca-a-mi-3-a-gustet-amb-agosti\/#mainImage","width":902,"height":587},"primaryImageOfPage":{"@id":"https:\/\/elcabilo.com\/radio\/2013\/03\/04\/ara-em-toca-a-mi-3-a-gustet-amb-agosti\/#mainImage"},"datePublished":"2013-03-04T00:00:42+01:00","dateModified":"2013-03-02T12:16:58+01:00"},{"@type":"WebSite","@id":"https:\/\/elcabilo.com\/radio\/#website","url":"https:\/\/elcabilo.com\/radio\/","name":"Cabil\u00f3 R\u00e0dio","description":"La r\u00e0dio online de Sella","inLanguage":"ca","publisher":{"@id":"https:\/\/elcabilo.com\/radio\/#organization"}}]},"og:locale":"ca_ES","og:site_name":"Cabil\u00f3R\u00e0dio - La r\u00e0dio online de Sella","og:type":"article","og:title":"Ara em toca a mi \u2013 3. A gustet amb Agost\u00ed - Cabil\u00f3R\u00e0dio","og:description":"Aquesta vegada anem de descobriments; psicod\u00e8lia dels 70, una barreja de jota i pop...i de la m\u00e0 d\u2019Agost\u00ed descobrirem un artista fam\u00f3s i desconegut alhora: Franco Battiato. Tamb\u00e9 apareixer\u00e0 el senyor Rosendo Mercado i els Ramones, i acabarem amb un veritable \u201crompepistas\u201d d\u2019aquesta primera edici\u00f3 amb 5 can\u00e7ons. Ara em toca a mi 3map :: {skin:'blue',","og:url":"https:\/\/elcabilo.com\/radio\/2013\/03\/04\/ara-em-toca-a-mi-3-a-gustet-amb-agosti\/","og:image":"https:\/\/elcabilo.com\/radio\/files\/2023\/01\/cropped-logo_radio-1.gif","og:image:secure_url":"https:\/\/elcabilo.com\/radio\/files\/2023\/01\/cropped-logo_radio-1.gif","article:published_time":"2013-03-03T23:00:42+00:00","article:modified_time":"2013-03-02T11:16:58+00:00","twitter:card":"summary_large_image","twitter:title":"Ara em toca a mi \u2013 3. A gustet amb Agost\u00ed - Cabil\u00f3R\u00e0dio","twitter:description":"Aquesta vegada anem de descobriments; psicod\u00e8lia dels 70, una barreja de jota i pop...i de la m\u00e0 d\u2019Agost\u00ed descobrirem un artista fam\u00f3s i desconegut alhora: Franco Battiato. Tamb\u00e9 apareixer\u00e0 el senyor Rosendo Mercado i els Ramones, i acabarem amb un veritable \u201crompepistas\u201d d\u2019aquesta primera edici\u00f3 amb 5 can\u00e7ons. Ara em toca a mi 3map :: {skin:'blue',","twitter:image":"https:\/\/elcabilo.com\/radio\/files\/2023\/01\/cropped-logo_radio-1.gif"},"aioseo_meta_data":{"post_id":"518","title":null,"description":null,"keywords":null,"keyphrases":null,"primary_term":null,"canonical_url":null,"og_title":null,"og_description":null,"og_object_type":"default","og_image_type":"default","og_image_url":null,"og_image_width":null,"og_image_height":null,"og_image_custom_url":null,"og_image_custom_fields":null,"og_video":null,"og_custom_url":null,"og_article_section":null,"og_article_tags":null,"twitter_use_og":false,"twitter_card":"default","twitter_image_type":"default","twitter_image_url":null,"twitter_image_custom_url":null,"twitter_image_custom_fields":null,"twitter_title":null,"twitter_description":null,"schema":{"blockGraphs":[],"customGraphs":[],"default":{"data":{"Article":[],"Course":[],"Dataset":[],"FAQPage":[],"Movie":[],"Person":[],"Product":[],"ProductReview":[],"Car":[],"Recipe":[],"Service":[],"SoftwareApplication":[],"WebPage":[]},"graphName":"","isEnabled":true},"graphs":[]},"schema_type":"default","schema_type_options":null,"pillar_content":false,"robots_default":true,"robots_noindex":false,"robots_noarchive":false,"robots_nosnippet":false,"robots_nofollow":false,"robots_noimageindex":false,"robots_noodp":false,"robots_notranslate":false,"robots_max_snippet":null,"robots_max_videopreview":null,"robots_max_imagepreview":"large","priority":null,"frequency":null,"local_seo":null,"breadcrumb_settings":null,"limit_modified_date":false,"ai":null,"created":"2023-01-27 22:03:56","updated":"2025-06-08 19:00:28","seo_analyzer_scan_date":null,"focus_keyword":null,"additional_keywords":null,"truseo_locale":null},"aioseo_breadcrumb":"<div class=\"aioseo-breadcrumbs\"><span class=\"aioseo-breadcrumb\">\n\t\t\t<a href=\"https:\/\/elcabilo.com\/radio\" title=\"Home\">Home<\/a>\n\t\t<\/span><span class=\"aioseo-breadcrumb-separator\">&raquo;<\/span><span class=\"aioseo-breadcrumb\">\n\t\t\t<a href=\"https:\/\/elcabilo.com\/radio\/category\/programes\/\" title=\"Programes\">Programes<\/a>\n\t\t<\/span><span class=\"aioseo-breadcrumb-separator\">&raquo;<\/span><span class=\"aioseo-breadcrumb\">\n\t\t\t<a href=\"https:\/\/elcabilo.com\/radio\/category\/programes\/ara-em-toca-a-mi\/\" title=\"Ara em toca a mi\">Ara em toca a mi<\/a>\n\t\t<\/span><span class=\"aioseo-breadcrumb-separator\">&raquo;<\/span><span class=\"aioseo-breadcrumb\">\n\t\t\tAra em toca a mi \u2013 3. A gustet amb Agost\u00ed\n\t\t<\/span><\/div>","aioseo_breadcrumb_json":[{"label":"Home","link":"https:\/\/elcabilo.com\/radio"},{"label":"Programes","link":"https:\/\/elcabilo.com\/radio\/category\/programes\/"},{"label":"Ara em toca a mi","link":"https:\/\/elcabilo.com\/radio\/category\/programes\/ara-em-toca-a-mi\/"},{"label":"Ara em toca a mi &#8211; 3. A gustet amb Agost\u00ed","link":"https:\/\/elcabilo.com\/radio\/2013\/03\/04\/ara-em-toca-a-mi-3-a-gustet-amb-agosti\/"}],"_links":{"self":[{"href":"https:\/\/elcabilo.com\/radio\/wp-json\/wp\/v2\/posts\/518","targetHints":{"allow":["GET"]}}],"collection":[{"href":"https:\/\/elcabilo.com\/radio\/wp-json\/wp\/v2\/posts"}],"about":[{"href":"https:\/\/elcabilo.com\/radio\/wp-json\/wp\/v2\/types\/post"}],"author":[{"embeddable":true,"href":"https:\/\/elcabilo.com\/radio\/wp-json\/wp\/v2\/users\/272"}],"replies":[{"embeddable":true,"href":"https:\/\/elcabilo.com\/radio\/wp-json\/wp\/v2\/comments?post=518"}],"version-history":[{"count":0,"href":"https:\/\/elcabilo.com\/radio\/wp-json\/wp\/v2\/posts\/518\/revisions"}],"wp:featuredmedia":[{"embeddable":true,"href":"https:\/\/elcabilo.com\/radio\/wp-json\/wp\/v2\/media\/91"}],"wp:attachment":[{"href":"https:\/\/elcabilo.com\/radio\/wp-json\/wp\/v2\/media?parent=518"}],"wp:term":[{"taxonomy":"category","embeddable":true,"href":"https:\/\/elcabilo.com\/radio\/wp-json\/wp\/v2\/categories?post=518"},{"taxonomy":"post_tag","embeddable":true,"href":"https:\/\/elcabilo.com\/radio\/wp-json\/wp\/v2\/tags?post=518"}],"curies":[{"name":"wp","href":"https:\/\/api.w.org\/{rel}","templated":true}]}}