{"id":531,"date":"2013-03-05T00:00:27","date_gmt":"2013-03-04T23:00:27","guid":{"rendered":"http:\/\/elcabilo.com\/radio\/?p=531"},"modified":"2013-03-06T22:54:58","modified_gmt":"2013-03-06T21:54:58","slug":"plecs-i-ploms-2on-programa","status":"publish","type":"post","link":"https:\/\/elcabilo.com\/radio\/2013\/03\/05\/plecs-i-ploms-2on-programa\/","title":{"rendered":"Plecs i ploms &#8211; 2on programa"},"content":{"rendered":"<p><\/br><\/p>\n<p style=\"text-align: justify;\">Hem aprofitat per a veure una exposici\u00f3 en la Biblioteca Nacional amb un cicer\u00f3 de categor\u00eda. Nacho Moreno, tamb\u00e9 conegut com a Palomitas en los ojos en les xarxes, un gran cr\u00edtic cultural, estudi\u00f3s de g\u00e8nere i feminisme, nascut a Val\u00e8ncia.<\/p>\n<p><\/br><\/p>\n<p style=\"text-align: center;\"><a href=\"http:\/\/archive.org\/download\/plecs_i_ploms_2\/capitol2.mp3\">Plecs i ploms &#8211; Cap\u00edtol 2<\/a><\/p>\n","protected":false},"excerpt":{"rendered":"<p>Hem aprofitat per a veure una exposici\u00f3 en la Biblioteca Nacional amb un cicer\u00f3 de categor\u00eda. Nacho Moreno, tamb\u00e9 conegut com a Palomitas en los ojos en les xarxes, un gran cr\u00edtic cultural, estudi\u00f3s de g\u00e8nere i feminisme, nascut a Val\u00e8ncia. Plecs i ploms &#8211; Cap\u00edtol 2<\/p>\n","protected":false},"author":272,"featured_media":532,"comment_status":"open","ping_status":"open","sticky":false,"template":"","format":"standard","meta":{"_exactmetrics_skip_tracking":false,"footnotes":""},"categories":[17],"tags":[],"class_list":["post-531","post","type-post","status-publish","format-standard","has-post-thumbnail","hentry","category-plecs-i-ploms"],"aioseo_notices":[],"aioseo_head":"\n\t\t<!-- All in One SEO 5.0.1 - aioseo.com -->\n\t<meta name=\"description\" content=\"Hem aprofitat per a veure una exposici\u00f3 en la Biblioteca Nacional amb un cicer\u00f3 de categor\u00eda. Nacho Moreno, tamb\u00e9 conegut com a Palomitas en los ojos en les xarxes, un gran cr\u00edtic cultural, estudi\u00f3s de g\u00e8nere i feminisme, nascut a Val\u00e8ncia. Plecs i ploms - Cap\u00edtol 2\" \/>\n\t<meta name=\"robots\" content=\"max-image-preview:large\" \/>\n\t<meta name=\"author\" content=\"radio\"\/>\n\t<link rel=\"canonical\" href=\"https:\/\/elcabilo.com\/radio\/2013\/03\/05\/plecs-i-ploms-2on-programa\/\" \/>\n\t<meta name=\"generator\" content=\"All in One SEO (AIOSEO) 5.0.1\" \/>\n\t\t<meta property=\"og:locale\" content=\"ca_ES\" \/>\n\t\t<meta property=\"og:site_name\" content=\"Cabil\u00f3R\u00e0dio - La r\u00e0dio online de Sella\" \/>\n\t\t<meta property=\"og:type\" content=\"article\" \/>\n\t\t<meta property=\"og:title\" content=\"Plecs i ploms \u2013 2on programa - Cabil\u00f3R\u00e0dio\" \/>\n\t\t<meta property=\"og:description\" content=\"Hem aprofitat per a veure una exposici\u00f3 en la Biblioteca Nacional amb un cicer\u00f3 de categor\u00eda. Nacho Moreno, tamb\u00e9 conegut com a Palomitas en los ojos en les xarxes, un gran cr\u00edtic cultural, estudi\u00f3s de g\u00e8nere i feminisme, nascut a Val\u00e8ncia. Plecs i ploms - Cap\u00edtol 2\" \/>\n\t\t<meta property=\"og:url\" content=\"https:\/\/elcabilo.com\/radio\/2013\/03\/05\/plecs-i-ploms-2on-programa\/\" \/>\n\t\t<meta property=\"og:image\" content=\"https:\/\/elcabilo.com\/radio\/files\/2023\/01\/cropped-logo_radio-1.gif\" \/>\n\t\t<meta property=\"og:image:secure_url\" content=\"https:\/\/elcabilo.com\/radio\/files\/2023\/01\/cropped-logo_radio-1.gif\" \/>\n\t\t<meta property=\"article:published_time\" content=\"2013-03-04T23:00:27+00:00\" \/>\n\t\t<meta property=\"article:modified_time\" content=\"2013-03-06T21:54:58+00:00\" \/>\n\t\t<meta name=\"twitter:card\" content=\"summary_large_image\" \/>\n\t\t<meta name=\"twitter:title\" content=\"Plecs i ploms \u2013 2on programa - Cabil\u00f3R\u00e0dio\" \/>\n\t\t<meta name=\"twitter:description\" content=\"Hem aprofitat per a veure una exposici\u00f3 en la Biblioteca Nacional amb un cicer\u00f3 de categor\u00eda. Nacho Moreno, tamb\u00e9 conegut com a Palomitas en los ojos en les xarxes, un gran cr\u00edtic cultural, estudi\u00f3s de g\u00e8nere i feminisme, nascut a Val\u00e8ncia. Plecs i ploms - Cap\u00edtol 2\" \/>\n\t\t<meta name=\"twitter:image\" content=\"https:\/\/elcabilo.com\/radio\/files\/2023\/01\/cropped-logo_radio-1.gif\" \/>\n\t\t<script type=\"application\/ld+json\" class=\"aioseo-schema\">\n\t\t\t{\"@context\":\"https:\\\/\\\/schema.org\",\"@graph\":[{\"@type\":\"BlogPosting\",\"@id\":\"https:\\\/\\\/elcabilo.com\\\/radio\\\/2013\\\/03\\\/05\\\/plecs-i-ploms-2on-programa\\\/#blogposting\",\"name\":\"Plecs i ploms \\u2013 2on programa - Cabil\\u00f3R\\u00e0dio\",\"headline\":\"Plecs i ploms &#8211; 2on programa\",\"author\":{\"@id\":\"https:\\\/\\\/elcabilo.com\\\/radio\\\/author\\\/radio\\\/#author\"},\"publisher\":{\"@id\":\"https:\\\/\\\/elcabilo.com\\\/radio\\\/#organization\"},\"image\":{\"@type\":\"ImageObject\",\"url\":\"https:\\\/\\\/elcabilo.com\\\/radio\\\/files\\\/2013\\\/03\\\/Plecs-i-ploms-2.jpg\",\"width\":1024,\"height\":757},\"datePublished\":\"2013-03-05T00:00:27+01:00\",\"dateModified\":\"2013-03-06T22:54:58+01:00\",\"inLanguage\":\"ca\",\"commentCount\":5,\"mainEntityOfPage\":{\"@id\":\"https:\\\/\\\/elcabilo.com\\\/radio\\\/2013\\\/03\\\/05\\\/plecs-i-ploms-2on-programa\\\/#webpage\"},\"isPartOf\":{\"@id\":\"https:\\\/\\\/elcabilo.com\\\/radio\\\/2013\\\/03\\\/05\\\/plecs-i-ploms-2on-programa\\\/#webpage\"},\"articleSection\":\"Plecs i ploms\"},{\"@type\":\"BreadcrumbList\",\"@id\":\"https:\\\/\\\/elcabilo.com\\\/radio\\\/2013\\\/03\\\/05\\\/plecs-i-ploms-2on-programa\\\/#breadcrumblist\",\"itemListElement\":[{\"@type\":\"ListItem\",\"@id\":\"https:\\\/\\\/elcabilo.com\\\/radio#listItem\",\"position\":1,\"name\":\"Home\",\"item\":\"https:\\\/\\\/elcabilo.com\\\/radio\",\"nextItem\":{\"@type\":\"ListItem\",\"@id\":\"https:\\\/\\\/elcabilo.com\\\/radio\\\/category\\\/programes\\\/#listItem\",\"name\":\"Programes\"}},{\"@type\":\"ListItem\",\"@id\":\"https:\\\/\\\/elcabilo.com\\\/radio\\\/category\\\/programes\\\/#listItem\",\"position\":2,\"name\":\"Programes\",\"item\":\"https:\\\/\\\/elcabilo.com\\\/radio\\\/category\\\/programes\\\/\",\"nextItem\":{\"@type\":\"ListItem\",\"@id\":\"https:\\\/\\\/elcabilo.com\\\/radio\\\/category\\\/programes\\\/plecs-i-ploms\\\/#listItem\",\"name\":\"Plecs i ploms\"},\"previousItem\":{\"@type\":\"ListItem\",\"@id\":\"https:\\\/\\\/elcabilo.com\\\/radio#listItem\",\"name\":\"Home\"}},{\"@type\":\"ListItem\",\"@id\":\"https:\\\/\\\/elcabilo.com\\\/radio\\\/category\\\/programes\\\/plecs-i-ploms\\\/#listItem\",\"position\":3,\"name\":\"Plecs i ploms\",\"item\":\"https:\\\/\\\/elcabilo.com\\\/radio\\\/category\\\/programes\\\/plecs-i-ploms\\\/\",\"nextItem\":{\"@type\":\"ListItem\",\"@id\":\"https:\\\/\\\/elcabilo.com\\\/radio\\\/2013\\\/03\\\/05\\\/plecs-i-ploms-2on-programa\\\/#listItem\",\"name\":\"Plecs i ploms &#8211; 2on programa\"},\"previousItem\":{\"@type\":\"ListItem\",\"@id\":\"https:\\\/\\\/elcabilo.com\\\/radio\\\/category\\\/programes\\\/#listItem\",\"name\":\"Programes\"}},{\"@type\":\"ListItem\",\"@id\":\"https:\\\/\\\/elcabilo.com\\\/radio\\\/2013\\\/03\\\/05\\\/plecs-i-ploms-2on-programa\\\/#listItem\",\"position\":4,\"name\":\"Plecs i ploms &#8211; 2on programa\",\"previousItem\":{\"@type\":\"ListItem\",\"@id\":\"https:\\\/\\\/elcabilo.com\\\/radio\\\/category\\\/programes\\\/plecs-i-ploms\\\/#listItem\",\"name\":\"Plecs i ploms\"}}]},{\"@type\":\"Organization\",\"@id\":\"https:\\\/\\\/elcabilo.com\\\/radio\\\/#organization\",\"name\":\"Cabil\\u00f3 R\\u00e0dio\",\"description\":\"La r\\u00e0dio online de Sella\",\"url\":\"https:\\\/\\\/elcabilo.com\\\/radio\\\/\",\"logo\":{\"@type\":\"ImageObject\",\"url\":\"https:\\\/\\\/elcabilo.com\\\/radio\\\/files\\\/2023\\\/01\\\/cropped-logo_radio-1.gif\",\"@id\":\"https:\\\/\\\/elcabilo.com\\\/radio\\\/2013\\\/03\\\/05\\\/plecs-i-ploms-2on-programa\\\/#organizationLogo\",\"width\":250,\"height\":50},\"image\":{\"@id\":\"https:\\\/\\\/elcabilo.com\\\/radio\\\/2013\\\/03\\\/05\\\/plecs-i-ploms-2on-programa\\\/#organizationLogo\"}},{\"@type\":\"Person\",\"@id\":\"https:\\\/\\\/elcabilo.com\\\/radio\\\/author\\\/radio\\\/#author\",\"url\":\"https:\\\/\\\/elcabilo.com\\\/radio\\\/author\\\/radio\\\/\",\"name\":\"radio\",\"image\":{\"@type\":\"ImageObject\",\"@id\":\"https:\\\/\\\/elcabilo.com\\\/radio\\\/2013\\\/03\\\/05\\\/plecs-i-ploms-2on-programa\\\/#authorImage\",\"url\":\"https:\\\/\\\/secure.gravatar.com\\\/avatar\\\/bb687b465db46b8e9255d0921cc346091032a91fe77f93721088d5decb8a2d1a?s=96&d=mm&r=g\",\"width\":96,\"height\":96,\"caption\":\"radio\"}},{\"@type\":\"WebPage\",\"@id\":\"https:\\\/\\\/elcabilo.com\\\/radio\\\/2013\\\/03\\\/05\\\/plecs-i-ploms-2on-programa\\\/#webpage\",\"url\":\"https:\\\/\\\/elcabilo.com\\\/radio\\\/2013\\\/03\\\/05\\\/plecs-i-ploms-2on-programa\\\/\",\"name\":\"Plecs i ploms \\u2013 2on programa - Cabil\\u00f3R\\u00e0dio\",\"description\":\"Hem aprofitat per a veure una exposici\\u00f3 en la Biblioteca Nacional amb un cicer\\u00f3 de categor\\u00eda. Nacho Moreno, tamb\\u00e9 conegut com a Palomitas en los ojos en les xarxes, un gran cr\\u00edtic cultural, estudi\\u00f3s de g\\u00e8nere i feminisme, nascut a Val\\u00e8ncia. Plecs i ploms - Cap\\u00edtol 2\",\"inLanguage\":\"ca\",\"isPartOf\":{\"@id\":\"https:\\\/\\\/elcabilo.com\\\/radio\\\/#website\"},\"breadcrumb\":{\"@id\":\"https:\\\/\\\/elcabilo.com\\\/radio\\\/2013\\\/03\\\/05\\\/plecs-i-ploms-2on-programa\\\/#breadcrumblist\"},\"author\":{\"@id\":\"https:\\\/\\\/elcabilo.com\\\/radio\\\/author\\\/radio\\\/#author\"},\"creator\":{\"@id\":\"https:\\\/\\\/elcabilo.com\\\/radio\\\/author\\\/radio\\\/#author\"},\"image\":{\"@type\":\"ImageObject\",\"url\":\"https:\\\/\\\/elcabilo.com\\\/radio\\\/files\\\/2013\\\/03\\\/Plecs-i-ploms-2.jpg\",\"@id\":\"https:\\\/\\\/elcabilo.com\\\/radio\\\/2013\\\/03\\\/05\\\/plecs-i-ploms-2on-programa\\\/#mainImage\",\"width\":1024,\"height\":757},\"primaryImageOfPage\":{\"@id\":\"https:\\\/\\\/elcabilo.com\\\/radio\\\/2013\\\/03\\\/05\\\/plecs-i-ploms-2on-programa\\\/#mainImage\"},\"datePublished\":\"2013-03-05T00:00:27+01:00\",\"dateModified\":\"2013-03-06T22:54:58+01:00\"},{\"@type\":\"WebSite\",\"@id\":\"https:\\\/\\\/elcabilo.com\\\/radio\\\/#website\",\"url\":\"https:\\\/\\\/elcabilo.com\\\/radio\\\/\",\"name\":\"Cabil\\u00f3 R\\u00e0dio\",\"description\":\"La r\\u00e0dio online de Sella\",\"inLanguage\":\"ca\",\"publisher\":{\"@id\":\"https:\\\/\\\/elcabilo.com\\\/radio\\\/#organization\"}}]}\n\t\t<\/script>\n\t\t<!-- All in One SEO -->\n\n","aioseo_head_json":{"title":"Plecs i ploms \u2013 2on programa - Cabil\u00f3R\u00e0dio","description":"Hem aprofitat per a veure una exposici\u00f3 en la Biblioteca Nacional amb un cicer\u00f3 de categor\u00eda. Nacho Moreno, tamb\u00e9 conegut com a Palomitas en los ojos en les xarxes, un gran cr\u00edtic cultural, estudi\u00f3s de g\u00e8nere i feminisme, nascut a Val\u00e8ncia. Plecs i ploms - Cap\u00edtol 2","canonical_url":"https:\/\/elcabilo.com\/radio\/2013\/03\/05\/plecs-i-ploms-2on-programa\/","robots":"max-image-preview:large","keywords":"","webmasterTools":{"miscellaneous":""},"schema":{"@context":"https:\/\/schema.org","@graph":[{"@type":"BlogPosting","@id":"https:\/\/elcabilo.com\/radio\/2013\/03\/05\/plecs-i-ploms-2on-programa\/#blogposting","name":"Plecs i ploms \u2013 2on programa - Cabil\u00f3R\u00e0dio","headline":"Plecs i ploms &#8211; 2on programa","author":{"@id":"https:\/\/elcabilo.com\/radio\/author\/radio\/#author"},"publisher":{"@id":"https:\/\/elcabilo.com\/radio\/#organization"},"image":{"@type":"ImageObject","url":"https:\/\/elcabilo.com\/radio\/files\/2013\/03\/Plecs-i-ploms-2.jpg","width":1024,"height":757},"datePublished":"2013-03-05T00:00:27+01:00","dateModified":"2013-03-06T22:54:58+01:00","inLanguage":"ca","commentCount":5,"mainEntityOfPage":{"@id":"https:\/\/elcabilo.com\/radio\/2013\/03\/05\/plecs-i-ploms-2on-programa\/#webpage"},"isPartOf":{"@id":"https:\/\/elcabilo.com\/radio\/2013\/03\/05\/plecs-i-ploms-2on-programa\/#webpage"},"articleSection":"Plecs i ploms"},{"@type":"BreadcrumbList","@id":"https:\/\/elcabilo.com\/radio\/2013\/03\/05\/plecs-i-ploms-2on-programa\/#breadcrumblist","itemListElement":[{"@type":"ListItem","@id":"https:\/\/elcabilo.com\/radio#listItem","position":1,"name":"Home","item":"https:\/\/elcabilo.com\/radio","nextItem":{"@type":"ListItem","@id":"https:\/\/elcabilo.com\/radio\/category\/programes\/#listItem","name":"Programes"}},{"@type":"ListItem","@id":"https:\/\/elcabilo.com\/radio\/category\/programes\/#listItem","position":2,"name":"Programes","item":"https:\/\/elcabilo.com\/radio\/category\/programes\/","nextItem":{"@type":"ListItem","@id":"https:\/\/elcabilo.com\/radio\/category\/programes\/plecs-i-ploms\/#listItem","name":"Plecs i ploms"},"previousItem":{"@type":"ListItem","@id":"https:\/\/elcabilo.com\/radio#listItem","name":"Home"}},{"@type":"ListItem","@id":"https:\/\/elcabilo.com\/radio\/category\/programes\/plecs-i-ploms\/#listItem","position":3,"name":"Plecs i ploms","item":"https:\/\/elcabilo.com\/radio\/category\/programes\/plecs-i-ploms\/","nextItem":{"@type":"ListItem","@id":"https:\/\/elcabilo.com\/radio\/2013\/03\/05\/plecs-i-ploms-2on-programa\/#listItem","name":"Plecs i ploms &#8211; 2on programa"},"previousItem":{"@type":"ListItem","@id":"https:\/\/elcabilo.com\/radio\/category\/programes\/#listItem","name":"Programes"}},{"@type":"ListItem","@id":"https:\/\/elcabilo.com\/radio\/2013\/03\/05\/plecs-i-ploms-2on-programa\/#listItem","position":4,"name":"Plecs i ploms &#8211; 2on programa","previousItem":{"@type":"ListItem","@id":"https:\/\/elcabilo.com\/radio\/category\/programes\/plecs-i-ploms\/#listItem","name":"Plecs i ploms"}}]},{"@type":"Organization","@id":"https:\/\/elcabilo.com\/radio\/#organization","name":"Cabil\u00f3 R\u00e0dio","description":"La r\u00e0dio online de Sella","url":"https:\/\/elcabilo.com\/radio\/","logo":{"@type":"ImageObject","url":"https:\/\/elcabilo.com\/radio\/files\/2023\/01\/cropped-logo_radio-1.gif","@id":"https:\/\/elcabilo.com\/radio\/2013\/03\/05\/plecs-i-ploms-2on-programa\/#organizationLogo","width":250,"height":50},"image":{"@id":"https:\/\/elcabilo.com\/radio\/2013\/03\/05\/plecs-i-ploms-2on-programa\/#organizationLogo"}},{"@type":"Person","@id":"https:\/\/elcabilo.com\/radio\/author\/radio\/#author","url":"https:\/\/elcabilo.com\/radio\/author\/radio\/","name":"radio","image":{"@type":"ImageObject","@id":"https:\/\/elcabilo.com\/radio\/2013\/03\/05\/plecs-i-ploms-2on-programa\/#authorImage","url":"https:\/\/secure.gravatar.com\/avatar\/bb687b465db46b8e9255d0921cc346091032a91fe77f93721088d5decb8a2d1a?s=96&d=mm&r=g","width":96,"height":96,"caption":"radio"}},{"@type":"WebPage","@id":"https:\/\/elcabilo.com\/radio\/2013\/03\/05\/plecs-i-ploms-2on-programa\/#webpage","url":"https:\/\/elcabilo.com\/radio\/2013\/03\/05\/plecs-i-ploms-2on-programa\/","name":"Plecs i ploms \u2013 2on programa - Cabil\u00f3R\u00e0dio","description":"Hem aprofitat per a veure una exposici\u00f3 en la Biblioteca Nacional amb un cicer\u00f3 de categor\u00eda. Nacho Moreno, tamb\u00e9 conegut com a Palomitas en los ojos en les xarxes, un gran cr\u00edtic cultural, estudi\u00f3s de g\u00e8nere i feminisme, nascut a Val\u00e8ncia. Plecs i ploms - Cap\u00edtol 2","inLanguage":"ca","isPartOf":{"@id":"https:\/\/elcabilo.com\/radio\/#website"},"breadcrumb":{"@id":"https:\/\/elcabilo.com\/radio\/2013\/03\/05\/plecs-i-ploms-2on-programa\/#breadcrumblist"},"author":{"@id":"https:\/\/elcabilo.com\/radio\/author\/radio\/#author"},"creator":{"@id":"https:\/\/elcabilo.com\/radio\/author\/radio\/#author"},"image":{"@type":"ImageObject","url":"https:\/\/elcabilo.com\/radio\/files\/2013\/03\/Plecs-i-ploms-2.jpg","@id":"https:\/\/elcabilo.com\/radio\/2013\/03\/05\/plecs-i-ploms-2on-programa\/#mainImage","width":1024,"height":757},"primaryImageOfPage":{"@id":"https:\/\/elcabilo.com\/radio\/2013\/03\/05\/plecs-i-ploms-2on-programa\/#mainImage"},"datePublished":"2013-03-05T00:00:27+01:00","dateModified":"2013-03-06T22:54:58+01:00"},{"@type":"WebSite","@id":"https:\/\/elcabilo.com\/radio\/#website","url":"https:\/\/elcabilo.com\/radio\/","name":"Cabil\u00f3 R\u00e0dio","description":"La r\u00e0dio online de Sella","inLanguage":"ca","publisher":{"@id":"https:\/\/elcabilo.com\/radio\/#organization"}}]},"og:locale":"ca_ES","og:site_name":"Cabil\u00f3R\u00e0dio - La r\u00e0dio online de Sella","og:type":"article","og:title":"Plecs i ploms \u2013 2on programa - Cabil\u00f3R\u00e0dio","og:description":"Hem aprofitat per a veure una exposici\u00f3 en la Biblioteca Nacional amb un cicer\u00f3 de categor\u00eda. Nacho Moreno, tamb\u00e9 conegut com a Palomitas en los ojos en les xarxes, un gran cr\u00edtic cultural, estudi\u00f3s de g\u00e8nere i feminisme, nascut a Val\u00e8ncia. Plecs i ploms - Cap\u00edtol 2","og:url":"https:\/\/elcabilo.com\/radio\/2013\/03\/05\/plecs-i-ploms-2on-programa\/","og:image":"https:\/\/elcabilo.com\/radio\/files\/2023\/01\/cropped-logo_radio-1.gif","og:image:secure_url":"https:\/\/elcabilo.com\/radio\/files\/2023\/01\/cropped-logo_radio-1.gif","article:published_time":"2013-03-04T23:00:27+00:00","article:modified_time":"2013-03-06T21:54:58+00:00","twitter:card":"summary_large_image","twitter:title":"Plecs i ploms \u2013 2on programa - Cabil\u00f3R\u00e0dio","twitter:description":"Hem aprofitat per a veure una exposici\u00f3 en la Biblioteca Nacional amb un cicer\u00f3 de categor\u00eda. Nacho Moreno, tamb\u00e9 conegut com a Palomitas en los ojos en les xarxes, un gran cr\u00edtic cultural, estudi\u00f3s de g\u00e8nere i feminisme, nascut a Val\u00e8ncia. Plecs i ploms - Cap\u00edtol 2","twitter:image":"https:\/\/elcabilo.com\/radio\/files\/2023\/01\/cropped-logo_radio-1.gif"},"aioseo_meta_data":{"post_id":"531","title":null,"description":null,"keywords":null,"keyphrases":null,"primary_term":null,"canonical_url":null,"og_title":null,"og_description":null,"og_object_type":"default","og_image_type":"default","og_image_url":null,"og_image_width":null,"og_image_height":null,"og_image_custom_url":null,"og_image_custom_fields":null,"og_video":null,"og_custom_url":null,"og_article_section":null,"og_article_tags":null,"twitter_use_og":false,"twitter_card":"default","twitter_image_type":"default","twitter_image_url":null,"twitter_image_custom_url":null,"twitter_image_custom_fields":null,"twitter_title":null,"twitter_description":null,"schema":{"blockGraphs":[],"customGraphs":[],"default":{"data":{"Article":[],"Course":[],"Dataset":[],"FAQPage":[],"Movie":[],"Person":[],"Product":[],"ProductReview":[],"Car":[],"Recipe":[],"Service":[],"SoftwareApplication":[],"WebPage":[]},"graphName":"","isEnabled":true},"graphs":[]},"schema_type":"default","schema_type_options":null,"pillar_content":false,"robots_default":true,"robots_noindex":false,"robots_noarchive":false,"robots_nosnippet":false,"robots_nofollow":false,"robots_noimageindex":false,"robots_noodp":false,"robots_notranslate":false,"robots_max_snippet":null,"robots_max_videopreview":null,"robots_max_imagepreview":"large","priority":null,"frequency":null,"local_seo":null,"breadcrumb_settings":null,"limit_modified_date":false,"ai":null,"created":"2023-01-27 22:03:56","updated":"2025-06-08 19:00:28","seo_analyzer_scan_date":null,"focus_keyword":null,"additional_keywords":null,"truseo_locale":null},"aioseo_breadcrumb":"<div class=\"aioseo-breadcrumbs\"><span class=\"aioseo-breadcrumb\">\n\t\t\t<a href=\"https:\/\/elcabilo.com\/radio\" title=\"Home\">Home<\/a>\n\t\t<\/span><span class=\"aioseo-breadcrumb-separator\">&raquo;<\/span><span class=\"aioseo-breadcrumb\">\n\t\t\t<a href=\"https:\/\/elcabilo.com\/radio\/category\/programes\/\" title=\"Programes\">Programes<\/a>\n\t\t<\/span><span class=\"aioseo-breadcrumb-separator\">&raquo;<\/span><span class=\"aioseo-breadcrumb\">\n\t\t\t<a href=\"https:\/\/elcabilo.com\/radio\/category\/programes\/plecs-i-ploms\/\" title=\"Plecs i ploms\">Plecs i ploms<\/a>\n\t\t<\/span><span class=\"aioseo-breadcrumb-separator\">&raquo;<\/span><span class=\"aioseo-breadcrumb\">\n\t\t\tPlecs i ploms \u2013 2on programa\n\t\t<\/span><\/div>","aioseo_breadcrumb_json":[{"label":"Home","link":"https:\/\/elcabilo.com\/radio"},{"label":"Programes","link":"https:\/\/elcabilo.com\/radio\/category\/programes\/"},{"label":"Plecs i ploms","link":"https:\/\/elcabilo.com\/radio\/category\/programes\/plecs-i-ploms\/"},{"label":"Plecs i ploms &#8211; 2on programa","link":"https:\/\/elcabilo.com\/radio\/2013\/03\/05\/plecs-i-ploms-2on-programa\/"}],"_links":{"self":[{"href":"https:\/\/elcabilo.com\/radio\/wp-json\/wp\/v2\/posts\/531","targetHints":{"allow":["GET"]}}],"collection":[{"href":"https:\/\/elcabilo.com\/radio\/wp-json\/wp\/v2\/posts"}],"about":[{"href":"https:\/\/elcabilo.com\/radio\/wp-json\/wp\/v2\/types\/post"}],"author":[{"embeddable":true,"href":"https:\/\/elcabilo.com\/radio\/wp-json\/wp\/v2\/users\/272"}],"replies":[{"embeddable":true,"href":"https:\/\/elcabilo.com\/radio\/wp-json\/wp\/v2\/comments?post=531"}],"version-history":[{"count":0,"href":"https:\/\/elcabilo.com\/radio\/wp-json\/wp\/v2\/posts\/531\/revisions"}],"wp:featuredmedia":[{"embeddable":true,"href":"https:\/\/elcabilo.com\/radio\/wp-json\/wp\/v2\/media\/532"}],"wp:attachment":[{"href":"https:\/\/elcabilo.com\/radio\/wp-json\/wp\/v2\/media?parent=531"}],"wp:term":[{"taxonomy":"category","embeddable":true,"href":"https:\/\/elcabilo.com\/radio\/wp-json\/wp\/v2\/categories?post=531"},{"taxonomy":"post_tag","embeddable":true,"href":"https:\/\/elcabilo.com\/radio\/wp-json\/wp\/v2\/tags?post=531"}],"curies":[{"name":"wp","href":"https:\/\/api.w.org\/{rel}","templated":true}]}}