{"id":624,"date":"2013-04-01T00:00:32","date_gmt":"2013-03-31T23:00:32","guid":{"rendered":"http:\/\/elcabilo.com\/radio\/?p=624"},"modified":"2013-03-27T18:28:34","modified_gmt":"2013-03-27T17:28:34","slug":"sella-electro-so-dj-selleta","status":"publish","type":"post","link":"https:\/\/elcabilo.com\/radio\/2013\/04\/01\/sella-electro-so-dj-selleta\/","title":{"rendered":"Sella electro s\u00f2 &#8211; Dj Selleta"},"content":{"rendered":"<p><strong>Sella electro s\u00f2<\/strong>, \u00e9s el programa per als amants de la m\u00fasica electr\u00f2nica en general.<\/p>\n<p>Dj Selleta ens accompanyar\u00e0 estes festes de Pascua, a Cabil\u00f3 R\u00e0dio:<\/p>\n<p>&nbsp;<\/p>\n<p style=\"text-align: center;\"><a class=\"{skin:'blue', animate:true, width:'200', volume:0.6, autoplay:false, loop:false, showVolumeLevel:true, showTime:true, showRew:true, downloadable:true, downloadablesecurity:false, id3: false}\" id=\"mbmaplayer_1364404992718\" href=\"http:\/\/archive.org\/download\/electro_so_marc_2013\/selleta2_0.mp3\">Sella electro s\u00f2 &#8211; Dj Selleta 2<\/a><textarea class=\"map_params\" style=\"display: block; padding: 3px; background: #444; color: #fff; text-decoration: none;\" disabled=\"disabled\">map :: {skin:&#8217;blue&#8217;, animate:true, width:&#8217;200&#8242;, volume:0.6, autoplay:false, loop:false, showVolumeLevel:true, showTime:true, showRew:true, downloadable:true, downloadablesecurity:false, id3: false}<\/textarea><\/p>\n","protected":false},"excerpt":{"rendered":"<p>Sella electro s\u00f2, \u00e9s el programa per als amants de la m\u00fasica electr\u00f2nica en general. Dj Selleta ens accompanyar\u00e0 estes festes de Pascua, a Cabil\u00f3 R\u00e0dio: &nbsp; Sella electro s\u00f2 &#8211; Dj Selleta 2map :: {skin:&#8217;blue&#8217;, animate:true, width:&#8217;200&#8242;, volume:0.6, autoplay:false, loop:false, showVolumeLevel:true, showTime:true, showRew:true, downloadable:true, downloadablesecurity:false, id3: false}<\/p>\n","protected":false},"author":272,"featured_media":84,"comment_status":"open","ping_status":"open","sticky":false,"template":"","format":"standard","meta":{"_exactmetrics_skip_tracking":false,"footnotes":""},"categories":[13],"tags":[],"class_list":["post-624","post","type-post","status-publish","format-standard","has-post-thumbnail","hentry","category-electro-so"],"aioseo_notices":[],"aioseo_head":"\n\t\t<!-- All in One SEO 5.0.1 - aioseo.com -->\n\t<meta name=\"description\" content=\"Sella electro s\u00f2, \u00e9s el programa per als amants de la m\u00fasica electr\u00f2nica en general. Dj Selleta ens accompanyar\u00e0 estes festes de Pascua, a Cabil\u00f3 R\u00e0dio: Sella electro s\u00f2 - Dj Selleta 2map :: {skin:&#039;blue&#039;, animate:true, width:&#039;200&#039;, volume:0.6, autoplay:false, loop:false, showVolumeLevel:true, showTime:true, showRew:true, downloadable:true, downloadablesecurity:false, id3: false}\" \/>\n\t<meta name=\"robots\" content=\"max-image-preview:large\" \/>\n\t<meta name=\"author\" content=\"radio\"\/>\n\t<link rel=\"canonical\" href=\"https:\/\/elcabilo.com\/radio\/2013\/04\/01\/sella-electro-so-dj-selleta\/\" \/>\n\t<meta name=\"generator\" content=\"All in One SEO (AIOSEO) 5.0.1\" \/>\n\t\t<meta property=\"og:locale\" content=\"ca_ES\" \/>\n\t\t<meta property=\"og:site_name\" content=\"Cabil\u00f3R\u00e0dio - La r\u00e0dio online de Sella\" \/>\n\t\t<meta property=\"og:type\" content=\"article\" \/>\n\t\t<meta property=\"og:title\" content=\"Sella electro s\u00f2 \u2013 Dj Selleta - Cabil\u00f3R\u00e0dio\" \/>\n\t\t<meta property=\"og:description\" content=\"Sella electro s\u00f2, \u00e9s el programa per als amants de la m\u00fasica electr\u00f2nica en general. Dj Selleta ens accompanyar\u00e0 estes festes de Pascua, a Cabil\u00f3 R\u00e0dio: Sella electro s\u00f2 - Dj Selleta 2map :: {skin:&#039;blue&#039;, animate:true, width:&#039;200&#039;, volume:0.6, autoplay:false, loop:false, showVolumeLevel:true, showTime:true, showRew:true, downloadable:true, downloadablesecurity:false, id3: false}\" \/>\n\t\t<meta property=\"og:url\" content=\"https:\/\/elcabilo.com\/radio\/2013\/04\/01\/sella-electro-so-dj-selleta\/\" \/>\n\t\t<meta property=\"og:image\" content=\"https:\/\/elcabilo.com\/radio\/files\/2023\/01\/cropped-logo_radio-1.gif\" \/>\n\t\t<meta property=\"og:image:secure_url\" content=\"https:\/\/elcabilo.com\/radio\/files\/2023\/01\/cropped-logo_radio-1.gif\" \/>\n\t\t<meta property=\"article:published_time\" content=\"2013-03-31T23:00:32+00:00\" \/>\n\t\t<meta property=\"article:modified_time\" content=\"2013-03-27T17:28:34+00:00\" \/>\n\t\t<meta name=\"twitter:card\" content=\"summary_large_image\" \/>\n\t\t<meta name=\"twitter:title\" content=\"Sella electro s\u00f2 \u2013 Dj Selleta - Cabil\u00f3R\u00e0dio\" \/>\n\t\t<meta name=\"twitter:description\" content=\"Sella electro s\u00f2, \u00e9s el programa per als amants de la m\u00fasica electr\u00f2nica en general. Dj Selleta ens accompanyar\u00e0 estes festes de Pascua, a Cabil\u00f3 R\u00e0dio: Sella electro s\u00f2 - Dj Selleta 2map :: {skin:&#039;blue&#039;, animate:true, width:&#039;200&#039;, volume:0.6, autoplay:false, loop:false, showVolumeLevel:true, showTime:true, showRew:true, downloadable:true, downloadablesecurity:false, id3: false}\" \/>\n\t\t<meta name=\"twitter:image\" content=\"https:\/\/elcabilo.com\/radio\/files\/2023\/01\/cropped-logo_radio-1.gif\" \/>\n\t\t<script type=\"application\/ld+json\" class=\"aioseo-schema\">\n\t\t\t{\"@context\":\"https:\\\/\\\/schema.org\",\"@graph\":[{\"@type\":\"BlogPosting\",\"@id\":\"https:\\\/\\\/elcabilo.com\\\/radio\\\/2013\\\/04\\\/01\\\/sella-electro-so-dj-selleta\\\/#blogposting\",\"name\":\"Sella electro s\\u00f2 \\u2013 Dj Selleta - Cabil\\u00f3R\\u00e0dio\",\"headline\":\"Sella electro s\\u00f2 &#8211; Dj Selleta\",\"author\":{\"@id\":\"https:\\\/\\\/elcabilo.com\\\/radio\\\/author\\\/radio\\\/#author\"},\"publisher\":{\"@id\":\"https:\\\/\\\/elcabilo.com\\\/radio\\\/#organization\"},\"image\":{\"@type\":\"ImageObject\",\"url\":\"https:\\\/\\\/elcabilo.com\\\/radio\\\/files\\\/2012\\\/12\\\/CAPASALERA-ESPAI.png\",\"width\":1360,\"height\":505},\"datePublished\":\"2013-04-01T00:00:32+02:00\",\"dateModified\":\"2013-03-27T18:28:34+01:00\",\"inLanguage\":\"ca\",\"commentCount\":2,\"mainEntityOfPage\":{\"@id\":\"https:\\\/\\\/elcabilo.com\\\/radio\\\/2013\\\/04\\\/01\\\/sella-electro-so-dj-selleta\\\/#webpage\"},\"isPartOf\":{\"@id\":\"https:\\\/\\\/elcabilo.com\\\/radio\\\/2013\\\/04\\\/01\\\/sella-electro-so-dj-selleta\\\/#webpage\"},\"articleSection\":\"Sella Electro s\\u00f2\"},{\"@type\":\"BreadcrumbList\",\"@id\":\"https:\\\/\\\/elcabilo.com\\\/radio\\\/2013\\\/04\\\/01\\\/sella-electro-so-dj-selleta\\\/#breadcrumblist\",\"itemListElement\":[{\"@type\":\"ListItem\",\"@id\":\"https:\\\/\\\/elcabilo.com\\\/radio#listItem\",\"position\":1,\"name\":\"Home\",\"item\":\"https:\\\/\\\/elcabilo.com\\\/radio\",\"nextItem\":{\"@type\":\"ListItem\",\"@id\":\"https:\\\/\\\/elcabilo.com\\\/radio\\\/category\\\/programes\\\/#listItem\",\"name\":\"Programes\"}},{\"@type\":\"ListItem\",\"@id\":\"https:\\\/\\\/elcabilo.com\\\/radio\\\/category\\\/programes\\\/#listItem\",\"position\":2,\"name\":\"Programes\",\"item\":\"https:\\\/\\\/elcabilo.com\\\/radio\\\/category\\\/programes\\\/\",\"nextItem\":{\"@type\":\"ListItem\",\"@id\":\"https:\\\/\\\/elcabilo.com\\\/radio\\\/category\\\/programes\\\/electro-so\\\/#listItem\",\"name\":\"Sella Electro s\\u00f2\"},\"previousItem\":{\"@type\":\"ListItem\",\"@id\":\"https:\\\/\\\/elcabilo.com\\\/radio#listItem\",\"name\":\"Home\"}},{\"@type\":\"ListItem\",\"@id\":\"https:\\\/\\\/elcabilo.com\\\/radio\\\/category\\\/programes\\\/electro-so\\\/#listItem\",\"position\":3,\"name\":\"Sella Electro s\\u00f2\",\"item\":\"https:\\\/\\\/elcabilo.com\\\/radio\\\/category\\\/programes\\\/electro-so\\\/\",\"nextItem\":{\"@type\":\"ListItem\",\"@id\":\"https:\\\/\\\/elcabilo.com\\\/radio\\\/2013\\\/04\\\/01\\\/sella-electro-so-dj-selleta\\\/#listItem\",\"name\":\"Sella electro s\\u00f2 &#8211; Dj Selleta\"},\"previousItem\":{\"@type\":\"ListItem\",\"@id\":\"https:\\\/\\\/elcabilo.com\\\/radio\\\/category\\\/programes\\\/#listItem\",\"name\":\"Programes\"}},{\"@type\":\"ListItem\",\"@id\":\"https:\\\/\\\/elcabilo.com\\\/radio\\\/2013\\\/04\\\/01\\\/sella-electro-so-dj-selleta\\\/#listItem\",\"position\":4,\"name\":\"Sella electro s\\u00f2 &#8211; Dj Selleta\",\"previousItem\":{\"@type\":\"ListItem\",\"@id\":\"https:\\\/\\\/elcabilo.com\\\/radio\\\/category\\\/programes\\\/electro-so\\\/#listItem\",\"name\":\"Sella Electro s\\u00f2\"}}]},{\"@type\":\"Organization\",\"@id\":\"https:\\\/\\\/elcabilo.com\\\/radio\\\/#organization\",\"name\":\"Cabil\\u00f3 R\\u00e0dio\",\"description\":\"La r\\u00e0dio online de Sella\",\"url\":\"https:\\\/\\\/elcabilo.com\\\/radio\\\/\",\"logo\":{\"@type\":\"ImageObject\",\"url\":\"https:\\\/\\\/elcabilo.com\\\/radio\\\/files\\\/2023\\\/01\\\/cropped-logo_radio-1.gif\",\"@id\":\"https:\\\/\\\/elcabilo.com\\\/radio\\\/2013\\\/04\\\/01\\\/sella-electro-so-dj-selleta\\\/#organizationLogo\",\"width\":250,\"height\":50},\"image\":{\"@id\":\"https:\\\/\\\/elcabilo.com\\\/radio\\\/2013\\\/04\\\/01\\\/sella-electro-so-dj-selleta\\\/#organizationLogo\"}},{\"@type\":\"Person\",\"@id\":\"https:\\\/\\\/elcabilo.com\\\/radio\\\/author\\\/radio\\\/#author\",\"url\":\"https:\\\/\\\/elcabilo.com\\\/radio\\\/author\\\/radio\\\/\",\"name\":\"radio\",\"image\":{\"@type\":\"ImageObject\",\"@id\":\"https:\\\/\\\/elcabilo.com\\\/radio\\\/2013\\\/04\\\/01\\\/sella-electro-so-dj-selleta\\\/#authorImage\",\"url\":\"https:\\\/\\\/secure.gravatar.com\\\/avatar\\\/bb687b465db46b8e9255d0921cc346091032a91fe77f93721088d5decb8a2d1a?s=96&d=mm&r=g\",\"width\":96,\"height\":96,\"caption\":\"radio\"}},{\"@type\":\"WebPage\",\"@id\":\"https:\\\/\\\/elcabilo.com\\\/radio\\\/2013\\\/04\\\/01\\\/sella-electro-so-dj-selleta\\\/#webpage\",\"url\":\"https:\\\/\\\/elcabilo.com\\\/radio\\\/2013\\\/04\\\/01\\\/sella-electro-so-dj-selleta\\\/\",\"name\":\"Sella electro s\\u00f2 \\u2013 Dj Selleta - Cabil\\u00f3R\\u00e0dio\",\"description\":\"Sella electro s\\u00f2, \\u00e9s el programa per als amants de la m\\u00fasica electr\\u00f2nica en general. Dj Selleta ens accompanyar\\u00e0 estes festes de Pascua, a Cabil\\u00f3 R\\u00e0dio: Sella electro s\\u00f2 - Dj Selleta 2map :: {skin:'blue', animate:true, width:'200', volume:0.6, autoplay:false, loop:false, showVolumeLevel:true, showTime:true, showRew:true, downloadable:true, downloadablesecurity:false, id3: false}\",\"inLanguage\":\"ca\",\"isPartOf\":{\"@id\":\"https:\\\/\\\/elcabilo.com\\\/radio\\\/#website\"},\"breadcrumb\":{\"@id\":\"https:\\\/\\\/elcabilo.com\\\/radio\\\/2013\\\/04\\\/01\\\/sella-electro-so-dj-selleta\\\/#breadcrumblist\"},\"author\":{\"@id\":\"https:\\\/\\\/elcabilo.com\\\/radio\\\/author\\\/radio\\\/#author\"},\"creator\":{\"@id\":\"https:\\\/\\\/elcabilo.com\\\/radio\\\/author\\\/radio\\\/#author\"},\"image\":{\"@type\":\"ImageObject\",\"url\":\"https:\\\/\\\/elcabilo.com\\\/radio\\\/files\\\/2012\\\/12\\\/CAPASALERA-ESPAI.png\",\"@id\":\"https:\\\/\\\/elcabilo.com\\\/radio\\\/2013\\\/04\\\/01\\\/sella-electro-so-dj-selleta\\\/#mainImage\",\"width\":1360,\"height\":505},\"primaryImageOfPage\":{\"@id\":\"https:\\\/\\\/elcabilo.com\\\/radio\\\/2013\\\/04\\\/01\\\/sella-electro-so-dj-selleta\\\/#mainImage\"},\"datePublished\":\"2013-04-01T00:00:32+02:00\",\"dateModified\":\"2013-03-27T18:28:34+01:00\"},{\"@type\":\"WebSite\",\"@id\":\"https:\\\/\\\/elcabilo.com\\\/radio\\\/#website\",\"url\":\"https:\\\/\\\/elcabilo.com\\\/radio\\\/\",\"name\":\"Cabil\\u00f3 R\\u00e0dio\",\"description\":\"La r\\u00e0dio online de Sella\",\"inLanguage\":\"ca\",\"publisher\":{\"@id\":\"https:\\\/\\\/elcabilo.com\\\/radio\\\/#organization\"}}]}\n\t\t<\/script>\n\t\t<!-- All in One SEO -->\n\n","aioseo_head_json":{"title":"Sella electro s\u00f2 \u2013 Dj Selleta - Cabil\u00f3R\u00e0dio","description":"Sella electro s\u00f2, \u00e9s el programa per als amants de la m\u00fasica electr\u00f2nica en general. Dj Selleta ens accompanyar\u00e0 estes festes de Pascua, a Cabil\u00f3 R\u00e0dio: Sella electro s\u00f2 - Dj Selleta 2map :: {skin:'blue', animate:true, width:'200', volume:0.6, autoplay:false, loop:false, showVolumeLevel:true, showTime:true, showRew:true, downloadable:true, downloadablesecurity:false, id3: false}","canonical_url":"https:\/\/elcabilo.com\/radio\/2013\/04\/01\/sella-electro-so-dj-selleta\/","robots":"max-image-preview:large","keywords":"","webmasterTools":{"miscellaneous":""},"schema":{"@context":"https:\/\/schema.org","@graph":[{"@type":"BlogPosting","@id":"https:\/\/elcabilo.com\/radio\/2013\/04\/01\/sella-electro-so-dj-selleta\/#blogposting","name":"Sella electro s\u00f2 \u2013 Dj Selleta - Cabil\u00f3R\u00e0dio","headline":"Sella electro s\u00f2 &#8211; Dj Selleta","author":{"@id":"https:\/\/elcabilo.com\/radio\/author\/radio\/#author"},"publisher":{"@id":"https:\/\/elcabilo.com\/radio\/#organization"},"image":{"@type":"ImageObject","url":"https:\/\/elcabilo.com\/radio\/files\/2012\/12\/CAPASALERA-ESPAI.png","width":1360,"height":505},"datePublished":"2013-04-01T00:00:32+02:00","dateModified":"2013-03-27T18:28:34+01:00","inLanguage":"ca","commentCount":2,"mainEntityOfPage":{"@id":"https:\/\/elcabilo.com\/radio\/2013\/04\/01\/sella-electro-so-dj-selleta\/#webpage"},"isPartOf":{"@id":"https:\/\/elcabilo.com\/radio\/2013\/04\/01\/sella-electro-so-dj-selleta\/#webpage"},"articleSection":"Sella Electro s\u00f2"},{"@type":"BreadcrumbList","@id":"https:\/\/elcabilo.com\/radio\/2013\/04\/01\/sella-electro-so-dj-selleta\/#breadcrumblist","itemListElement":[{"@type":"ListItem","@id":"https:\/\/elcabilo.com\/radio#listItem","position":1,"name":"Home","item":"https:\/\/elcabilo.com\/radio","nextItem":{"@type":"ListItem","@id":"https:\/\/elcabilo.com\/radio\/category\/programes\/#listItem","name":"Programes"}},{"@type":"ListItem","@id":"https:\/\/elcabilo.com\/radio\/category\/programes\/#listItem","position":2,"name":"Programes","item":"https:\/\/elcabilo.com\/radio\/category\/programes\/","nextItem":{"@type":"ListItem","@id":"https:\/\/elcabilo.com\/radio\/category\/programes\/electro-so\/#listItem","name":"Sella Electro s\u00f2"},"previousItem":{"@type":"ListItem","@id":"https:\/\/elcabilo.com\/radio#listItem","name":"Home"}},{"@type":"ListItem","@id":"https:\/\/elcabilo.com\/radio\/category\/programes\/electro-so\/#listItem","position":3,"name":"Sella Electro s\u00f2","item":"https:\/\/elcabilo.com\/radio\/category\/programes\/electro-so\/","nextItem":{"@type":"ListItem","@id":"https:\/\/elcabilo.com\/radio\/2013\/04\/01\/sella-electro-so-dj-selleta\/#listItem","name":"Sella electro s\u00f2 &#8211; Dj Selleta"},"previousItem":{"@type":"ListItem","@id":"https:\/\/elcabilo.com\/radio\/category\/programes\/#listItem","name":"Programes"}},{"@type":"ListItem","@id":"https:\/\/elcabilo.com\/radio\/2013\/04\/01\/sella-electro-so-dj-selleta\/#listItem","position":4,"name":"Sella electro s\u00f2 &#8211; Dj Selleta","previousItem":{"@type":"ListItem","@id":"https:\/\/elcabilo.com\/radio\/category\/programes\/electro-so\/#listItem","name":"Sella Electro s\u00f2"}}]},{"@type":"Organization","@id":"https:\/\/elcabilo.com\/radio\/#organization","name":"Cabil\u00f3 R\u00e0dio","description":"La r\u00e0dio online de Sella","url":"https:\/\/elcabilo.com\/radio\/","logo":{"@type":"ImageObject","url":"https:\/\/elcabilo.com\/radio\/files\/2023\/01\/cropped-logo_radio-1.gif","@id":"https:\/\/elcabilo.com\/radio\/2013\/04\/01\/sella-electro-so-dj-selleta\/#organizationLogo","width":250,"height":50},"image":{"@id":"https:\/\/elcabilo.com\/radio\/2013\/04\/01\/sella-electro-so-dj-selleta\/#organizationLogo"}},{"@type":"Person","@id":"https:\/\/elcabilo.com\/radio\/author\/radio\/#author","url":"https:\/\/elcabilo.com\/radio\/author\/radio\/","name":"radio","image":{"@type":"ImageObject","@id":"https:\/\/elcabilo.com\/radio\/2013\/04\/01\/sella-electro-so-dj-selleta\/#authorImage","url":"https:\/\/secure.gravatar.com\/avatar\/bb687b465db46b8e9255d0921cc346091032a91fe77f93721088d5decb8a2d1a?s=96&d=mm&r=g","width":96,"height":96,"caption":"radio"}},{"@type":"WebPage","@id":"https:\/\/elcabilo.com\/radio\/2013\/04\/01\/sella-electro-so-dj-selleta\/#webpage","url":"https:\/\/elcabilo.com\/radio\/2013\/04\/01\/sella-electro-so-dj-selleta\/","name":"Sella electro s\u00f2 \u2013 Dj Selleta - Cabil\u00f3R\u00e0dio","description":"Sella electro s\u00f2, \u00e9s el programa per als amants de la m\u00fasica electr\u00f2nica en general. Dj Selleta ens accompanyar\u00e0 estes festes de Pascua, a Cabil\u00f3 R\u00e0dio: Sella electro s\u00f2 - Dj Selleta 2map :: {skin:'blue', animate:true, width:'200', volume:0.6, autoplay:false, loop:false, showVolumeLevel:true, showTime:true, showRew:true, downloadable:true, downloadablesecurity:false, id3: false}","inLanguage":"ca","isPartOf":{"@id":"https:\/\/elcabilo.com\/radio\/#website"},"breadcrumb":{"@id":"https:\/\/elcabilo.com\/radio\/2013\/04\/01\/sella-electro-so-dj-selleta\/#breadcrumblist"},"author":{"@id":"https:\/\/elcabilo.com\/radio\/author\/radio\/#author"},"creator":{"@id":"https:\/\/elcabilo.com\/radio\/author\/radio\/#author"},"image":{"@type":"ImageObject","url":"https:\/\/elcabilo.com\/radio\/files\/2012\/12\/CAPASALERA-ESPAI.png","@id":"https:\/\/elcabilo.com\/radio\/2013\/04\/01\/sella-electro-so-dj-selleta\/#mainImage","width":1360,"height":505},"primaryImageOfPage":{"@id":"https:\/\/elcabilo.com\/radio\/2013\/04\/01\/sella-electro-so-dj-selleta\/#mainImage"},"datePublished":"2013-04-01T00:00:32+02:00","dateModified":"2013-03-27T18:28:34+01:00"},{"@type":"WebSite","@id":"https:\/\/elcabilo.com\/radio\/#website","url":"https:\/\/elcabilo.com\/radio\/","name":"Cabil\u00f3 R\u00e0dio","description":"La r\u00e0dio online de Sella","inLanguage":"ca","publisher":{"@id":"https:\/\/elcabilo.com\/radio\/#organization"}}]},"og:locale":"ca_ES","og:site_name":"Cabil\u00f3R\u00e0dio - La r\u00e0dio online de Sella","og:type":"article","og:title":"Sella electro s\u00f2 \u2013 Dj Selleta - Cabil\u00f3R\u00e0dio","og:description":"Sella electro s\u00f2, \u00e9s el programa per als amants de la m\u00fasica electr\u00f2nica en general. Dj Selleta ens accompanyar\u00e0 estes festes de Pascua, a Cabil\u00f3 R\u00e0dio: Sella electro s\u00f2 - Dj Selleta 2map :: {skin:'blue', animate:true, width:'200', volume:0.6, autoplay:false, loop:false, showVolumeLevel:true, showTime:true, showRew:true, downloadable:true, downloadablesecurity:false, id3: false}","og:url":"https:\/\/elcabilo.com\/radio\/2013\/04\/01\/sella-electro-so-dj-selleta\/","og:image":"https:\/\/elcabilo.com\/radio\/files\/2023\/01\/cropped-logo_radio-1.gif","og:image:secure_url":"https:\/\/elcabilo.com\/radio\/files\/2023\/01\/cropped-logo_radio-1.gif","article:published_time":"2013-03-31T23:00:32+00:00","article:modified_time":"2013-03-27T17:28:34+00:00","twitter:card":"summary_large_image","twitter:title":"Sella electro s\u00f2 \u2013 Dj Selleta - Cabil\u00f3R\u00e0dio","twitter:description":"Sella electro s\u00f2, \u00e9s el programa per als amants de la m\u00fasica electr\u00f2nica en general. Dj Selleta ens accompanyar\u00e0 estes festes de Pascua, a Cabil\u00f3 R\u00e0dio: Sella electro s\u00f2 - Dj Selleta 2map :: {skin:'blue', animate:true, width:'200', volume:0.6, autoplay:false, loop:false, showVolumeLevel:true, showTime:true, showRew:true, downloadable:true, downloadablesecurity:false, id3: false}","twitter:image":"https:\/\/elcabilo.com\/radio\/files\/2023\/01\/cropped-logo_radio-1.gif"},"aioseo_meta_data":{"post_id":"624","title":null,"description":null,"keywords":null,"keyphrases":null,"primary_term":null,"canonical_url":null,"og_title":null,"og_description":null,"og_object_type":"default","og_image_type":"default","og_image_url":null,"og_image_width":null,"og_image_height":null,"og_image_custom_url":null,"og_image_custom_fields":null,"og_video":null,"og_custom_url":null,"og_article_section":null,"og_article_tags":null,"twitter_use_og":false,"twitter_card":"default","twitter_image_type":"default","twitter_image_url":null,"twitter_image_custom_url":null,"twitter_image_custom_fields":null,"twitter_title":null,"twitter_description":null,"schema":{"blockGraphs":[],"customGraphs":[],"default":{"data":{"Article":[],"Course":[],"Dataset":[],"FAQPage":[],"Movie":[],"Person":[],"Product":[],"ProductReview":[],"Car":[],"Recipe":[],"Service":[],"SoftwareApplication":[],"WebPage":[]},"graphName":"","isEnabled":true},"graphs":[]},"schema_type":"default","schema_type_options":null,"pillar_content":false,"robots_default":true,"robots_noindex":false,"robots_noarchive":false,"robots_nosnippet":false,"robots_nofollow":false,"robots_noimageindex":false,"robots_noodp":false,"robots_notranslate":false,"robots_max_snippet":null,"robots_max_videopreview":null,"robots_max_imagepreview":"large","priority":null,"frequency":null,"local_seo":null,"breadcrumb_settings":null,"limit_modified_date":false,"ai":null,"created":"2023-01-27 22:04:58","updated":"2025-06-08 19:01:29","seo_analyzer_scan_date":null,"focus_keyword":null,"additional_keywords":null,"truseo_locale":null},"aioseo_breadcrumb":"<div class=\"aioseo-breadcrumbs\"><span class=\"aioseo-breadcrumb\">\n\t\t\t<a href=\"https:\/\/elcabilo.com\/radio\" title=\"Home\">Home<\/a>\n\t\t<\/span><span class=\"aioseo-breadcrumb-separator\">&raquo;<\/span><span class=\"aioseo-breadcrumb\">\n\t\t\t<a href=\"https:\/\/elcabilo.com\/radio\/category\/programes\/\" title=\"Programes\">Programes<\/a>\n\t\t<\/span><span class=\"aioseo-breadcrumb-separator\">&raquo;<\/span><span class=\"aioseo-breadcrumb\">\n\t\t\t<a href=\"https:\/\/elcabilo.com\/radio\/category\/programes\/electro-so\/\" title=\"Sella Electro s\u00f2\">Sella Electro s\u00f2<\/a>\n\t\t<\/span><span class=\"aioseo-breadcrumb-separator\">&raquo;<\/span><span class=\"aioseo-breadcrumb\">\n\t\t\tSella electro s\u00f2 \u2013 Dj Selleta\n\t\t<\/span><\/div>","aioseo_breadcrumb_json":[{"label":"Home","link":"https:\/\/elcabilo.com\/radio"},{"label":"Programes","link":"https:\/\/elcabilo.com\/radio\/category\/programes\/"},{"label":"Sella Electro s\u00f2","link":"https:\/\/elcabilo.com\/radio\/category\/programes\/electro-so\/"},{"label":"Sella electro s\u00f2 &#8211; Dj Selleta","link":"https:\/\/elcabilo.com\/radio\/2013\/04\/01\/sella-electro-so-dj-selleta\/"}],"_links":{"self":[{"href":"https:\/\/elcabilo.com\/radio\/wp-json\/wp\/v2\/posts\/624","targetHints":{"allow":["GET"]}}],"collection":[{"href":"https:\/\/elcabilo.com\/radio\/wp-json\/wp\/v2\/posts"}],"about":[{"href":"https:\/\/elcabilo.com\/radio\/wp-json\/wp\/v2\/types\/post"}],"author":[{"embeddable":true,"href":"https:\/\/elcabilo.com\/radio\/wp-json\/wp\/v2\/users\/272"}],"replies":[{"embeddable":true,"href":"https:\/\/elcabilo.com\/radio\/wp-json\/wp\/v2\/comments?post=624"}],"version-history":[{"count":0,"href":"https:\/\/elcabilo.com\/radio\/wp-json\/wp\/v2\/posts\/624\/revisions"}],"wp:featuredmedia":[{"embeddable":true,"href":"https:\/\/elcabilo.com\/radio\/wp-json\/wp\/v2\/media\/84"}],"wp:attachment":[{"href":"https:\/\/elcabilo.com\/radio\/wp-json\/wp\/v2\/media?parent=624"}],"wp:term":[{"taxonomy":"category","embeddable":true,"href":"https:\/\/elcabilo.com\/radio\/wp-json\/wp\/v2\/categories?post=624"},{"taxonomy":"post_tag","embeddable":true,"href":"https:\/\/elcabilo.com\/radio\/wp-json\/wp\/v2\/tags?post=624"}],"curies":[{"name":"wp","href":"https:\/\/api.w.org\/{rel}","templated":true}]}}