{"id":650,"date":"2013-04-01T23:30:33","date_gmt":"2013-04-01T21:30:33","guid":{"rendered":"http:\/\/elcabilo.com\/radio\/?p=650"},"modified":"2013-04-01T13:57:02","modified_gmt":"2013-04-01T11:57:02","slug":"la-tributeca-programa-3","status":"publish","type":"post","link":"https:\/\/elcabilo.com\/radio\/2013\/04\/01\/la-tributeca-programa-3\/","title":{"rendered":"La Tributeca &#8211; Programa 3"},"content":{"rendered":"<p style=\"text-align: justify;\">Volvemos a las ondas\u00a0despu\u00e9s\u00a0de un mes de descanso con mucha energia de retomar de nuevo el programa.<br \/>\nEn este mes\u00a0tendremos\u00a0algunas novedades por ejemplo, la entrevista que hicimos a Alex y Nelly en el Charquer donde nos explicaron sus inquietudes. Vienen desde Francia siguiendo la huella de la agroecologia por el mediterraneo y dispuestos a conocer nuestro proyecto, La Tribu. Nos cuentan como se gestionan y que actividades desarrollan, hablaran de woofing como movimiento alternativo y de bioconstruccion como tecnica arquitectonica.<\/p>\n<p style=\"text-align: justify;\">Tedremos a Mabel con su\u00a0secci\u00f3n\u00a0de ecologia en la que nos explicara la diferencia entre especias de la familia de las cupresaceas que podemos encontrar en nuestro bosque\u00a0mediterr\u00e1neo.<\/p>\n<p style=\"text-align: justify;\">Tambi\u00e9n\u00a0comentaremos sobre la\u00a0proyecci\u00f3n\u00a0de \u201cLa Voz del Viento\u201d en La Vila, donde sale nuestro proyecto y nos abre las puertas a otras alternativas reales que\u00a0est\u00e1n\u00a0sucediendo en nuestro\u00a0pa\u00eds.<\/p>\n<p style=\"text-align: justify;\">Acabaremos con la seccion de Xavi de conocimiento libre, este mes nos acerca al mundo de los sistemas operativos libres, mas concretamente de Linux. Nos explicara el porqu\u00e9, el c\u00f3mo, el cuando y el para qu\u00e9 de estos sistemas alternativos.<\/p>\n<p style=\"text-align: justify;\">Un poquito de\u00a0m\u00fasica\u00a0y listo!<\/p>\n<p style=\"text-align: center;\"><a class=\"{skin:'blue', animate:true, width:'200', volume:0.6, autoplay:false, loop:false, showVolumeLevel:true, showTime:true, showRew:true, downloadable:true, downloadablesecurity:false, id3: false}\" id=\"mbmaplayer_1364816957307\" href=\"https:\/\/archive.org\/download\/Tributeca3\/Tributeca_3.mp3\">La tributeca &#8211; 3er programa<\/a><textarea class=\"map_params\" style=\"display: block; padding: 3px; background: #444; color: #fff; text-decoration: none;\" disabled=\"disabled\">map :: {skin:&#8217;blue&#8217;, animate:true, width:&#8217;200&#8242;, volume:0.6, autoplay:false, loop:false, showVolumeLevel:true, showTime:true, showRew:true, downloadable:true, downloadablesecurity:false, id3: false}<\/textarea><\/p>\n<p style=\"text-align: justify;\">Esperamos vuestros comentarios y aportaciones. Os dejamos algunos links de los temas que se tratan (<em>pulsa leer m\u00e1s<\/em>):<\/p>\n<p><!--more--><\/p>\n<p>Woofing:<br \/>\n&#8211; <a href=\"http:\/\/www.wwoof.org\" target=\"_blank\">www.wwoof.org<\/a><br \/>\n&#8211; <a href=\"http:\/\/www.helpx.net\" target=\"_blank\">www.helpx.net<\/a><\/p>\n<p>Sistemas Alternativos Libres:<br \/>\n&#8211; <a href=\"http:\/\/www.linux.org\" target=\"_blank\">www.linux.org<\/a><br \/>\n&#8211; <a href=\"http:\/\/www.fsf.org\" target=\"_blank\">www.fsf.org<\/a><\/p>\n<p>Disfrutarlo!!<\/p>\n","protected":false},"excerpt":{"rendered":"<p>Volvemos a las ondas\u00a0despu\u00e9s\u00a0de un mes de descanso con mucha energia de retomar de nuevo el programa. En este mes\u00a0tendremos\u00a0algunas novedades por ejemplo, la entrevista que hicimos a Alex y Nelly en el Charquer donde nos explicaron sus inquietudes. Vienen desde Francia siguiendo la huella de la agroecologia por el mediterraneo y dispuestos a conocer [&hellip;]<\/p>\n","protected":false},"author":272,"featured_media":154,"comment_status":"open","ping_status":"open","sticky":false,"template":"","format":"standard","meta":{"_exactmetrics_skip_tracking":false,"footnotes":""},"categories":[11],"tags":[],"class_list":["post-650","post","type-post","status-publish","format-standard","has-post-thumbnail","hentry","category-la-tributeca"],"aioseo_notices":[],"aioseo_head":"\n\t\t<!-- All in One SEO 5.0.1 - aioseo.com -->\n\t<meta name=\"description\" content=\"Volvemos a las ondas despu\u00e9s de un mes de descanso con mucha energia de retomar de nuevo el programa. En este mes tendremos algunas novedades por ejemplo, la entrevista que hicimos a Alex y Nelly en el Charquer donde nos explicaron sus inquietudes. Vienen desde Francia siguiendo la huella de la agroecologia por el mediterraneo y dispuestos a conocer\" \/>\n\t<meta name=\"robots\" content=\"max-image-preview:large\" \/>\n\t<meta name=\"author\" content=\"radio\"\/>\n\t<link rel=\"canonical\" href=\"https:\/\/elcabilo.com\/radio\/2013\/04\/01\/la-tributeca-programa-3\/\" \/>\n\t<meta name=\"generator\" content=\"All in One SEO (AIOSEO) 5.0.1\" \/>\n\t\t<meta property=\"og:locale\" content=\"ca_ES\" \/>\n\t\t<meta property=\"og:site_name\" content=\"Cabil\u00f3R\u00e0dio - La r\u00e0dio online de Sella\" \/>\n\t\t<meta property=\"og:type\" content=\"article\" \/>\n\t\t<meta property=\"og:title\" content=\"La Tributeca \u2013 Programa 3 - Cabil\u00f3R\u00e0dio\" \/>\n\t\t<meta property=\"og:description\" content=\"Volvemos a las ondas despu\u00e9s de un mes de descanso con mucha energia de retomar de nuevo el programa. En este mes tendremos algunas novedades por ejemplo, la entrevista que hicimos a Alex y Nelly en el Charquer donde nos explicaron sus inquietudes. Vienen desde Francia siguiendo la huella de la agroecologia por el mediterraneo y dispuestos a conocer\" \/>\n\t\t<meta property=\"og:url\" content=\"https:\/\/elcabilo.com\/radio\/2013\/04\/01\/la-tributeca-programa-3\/\" \/>\n\t\t<meta property=\"og:image\" content=\"https:\/\/elcabilo.com\/radio\/files\/2023\/01\/cropped-logo_radio-1.gif\" \/>\n\t\t<meta property=\"og:image:secure_url\" content=\"https:\/\/elcabilo.com\/radio\/files\/2023\/01\/cropped-logo_radio-1.gif\" \/>\n\t\t<meta property=\"article:published_time\" content=\"2013-04-01T21:30:33+00:00\" \/>\n\t\t<meta property=\"article:modified_time\" content=\"2013-04-01T11:57:02+00:00\" \/>\n\t\t<meta name=\"twitter:card\" content=\"summary_large_image\" \/>\n\t\t<meta name=\"twitter:title\" content=\"La Tributeca \u2013 Programa 3 - Cabil\u00f3R\u00e0dio\" \/>\n\t\t<meta name=\"twitter:description\" content=\"Volvemos a las ondas despu\u00e9s de un mes de descanso con mucha energia de retomar de nuevo el programa. En este mes tendremos algunas novedades por ejemplo, la entrevista que hicimos a Alex y Nelly en el Charquer donde nos explicaron sus inquietudes. Vienen desde Francia siguiendo la huella de la agroecologia por el mediterraneo y dispuestos a conocer\" \/>\n\t\t<meta name=\"twitter:image\" content=\"https:\/\/elcabilo.com\/radio\/files\/2023\/01\/cropped-logo_radio-1.gif\" \/>\n\t\t<script type=\"application\/ld+json\" class=\"aioseo-schema\">\n\t\t\t{\"@context\":\"https:\\\/\\\/schema.org\",\"@graph\":[{\"@type\":\"BlogPosting\",\"@id\":\"https:\\\/\\\/elcabilo.com\\\/radio\\\/2013\\\/04\\\/01\\\/la-tributeca-programa-3\\\/#blogposting\",\"name\":\"La Tributeca \\u2013 Programa 3 - Cabil\\u00f3R\\u00e0dio\",\"headline\":\"La Tributeca &#8211; Programa 3\",\"author\":{\"@id\":\"https:\\\/\\\/elcabilo.com\\\/radio\\\/author\\\/radio\\\/#author\"},\"publisher\":{\"@id\":\"https:\\\/\\\/elcabilo.com\\\/radio\\\/#organization\"},\"image\":{\"@type\":\"ImageObject\",\"url\":\"https:\\\/\\\/elcabilo.com\\\/radio\\\/files\\\/2012\\\/12\\\/tributeca1.png\",\"width\":568,\"height\":802},\"datePublished\":\"2013-04-01T23:30:33+02:00\",\"dateModified\":\"2013-04-01T13:57:02+02:00\",\"inLanguage\":\"ca\",\"commentCount\":3,\"mainEntityOfPage\":{\"@id\":\"https:\\\/\\\/elcabilo.com\\\/radio\\\/2013\\\/04\\\/01\\\/la-tributeca-programa-3\\\/#webpage\"},\"isPartOf\":{\"@id\":\"https:\\\/\\\/elcabilo.com\\\/radio\\\/2013\\\/04\\\/01\\\/la-tributeca-programa-3\\\/#webpage\"},\"articleSection\":\"La tributeca\"},{\"@type\":\"BreadcrumbList\",\"@id\":\"https:\\\/\\\/elcabilo.com\\\/radio\\\/2013\\\/04\\\/01\\\/la-tributeca-programa-3\\\/#breadcrumblist\",\"itemListElement\":[{\"@type\":\"ListItem\",\"@id\":\"https:\\\/\\\/elcabilo.com\\\/radio#listItem\",\"position\":1,\"name\":\"Home\",\"item\":\"https:\\\/\\\/elcabilo.com\\\/radio\",\"nextItem\":{\"@type\":\"ListItem\",\"@id\":\"https:\\\/\\\/elcabilo.com\\\/radio\\\/category\\\/programes\\\/#listItem\",\"name\":\"Programes\"}},{\"@type\":\"ListItem\",\"@id\":\"https:\\\/\\\/elcabilo.com\\\/radio\\\/category\\\/programes\\\/#listItem\",\"position\":2,\"name\":\"Programes\",\"item\":\"https:\\\/\\\/elcabilo.com\\\/radio\\\/category\\\/programes\\\/\",\"nextItem\":{\"@type\":\"ListItem\",\"@id\":\"https:\\\/\\\/elcabilo.com\\\/radio\\\/category\\\/programes\\\/la-tributeca\\\/#listItem\",\"name\":\"La tributeca\"},\"previousItem\":{\"@type\":\"ListItem\",\"@id\":\"https:\\\/\\\/elcabilo.com\\\/radio#listItem\",\"name\":\"Home\"}},{\"@type\":\"ListItem\",\"@id\":\"https:\\\/\\\/elcabilo.com\\\/radio\\\/category\\\/programes\\\/la-tributeca\\\/#listItem\",\"position\":3,\"name\":\"La tributeca\",\"item\":\"https:\\\/\\\/elcabilo.com\\\/radio\\\/category\\\/programes\\\/la-tributeca\\\/\",\"nextItem\":{\"@type\":\"ListItem\",\"@id\":\"https:\\\/\\\/elcabilo.com\\\/radio\\\/2013\\\/04\\\/01\\\/la-tributeca-programa-3\\\/#listItem\",\"name\":\"La Tributeca &#8211; Programa 3\"},\"previousItem\":{\"@type\":\"ListItem\",\"@id\":\"https:\\\/\\\/elcabilo.com\\\/radio\\\/category\\\/programes\\\/#listItem\",\"name\":\"Programes\"}},{\"@type\":\"ListItem\",\"@id\":\"https:\\\/\\\/elcabilo.com\\\/radio\\\/2013\\\/04\\\/01\\\/la-tributeca-programa-3\\\/#listItem\",\"position\":4,\"name\":\"La Tributeca &#8211; Programa 3\",\"previousItem\":{\"@type\":\"ListItem\",\"@id\":\"https:\\\/\\\/elcabilo.com\\\/radio\\\/category\\\/programes\\\/la-tributeca\\\/#listItem\",\"name\":\"La tributeca\"}}]},{\"@type\":\"Organization\",\"@id\":\"https:\\\/\\\/elcabilo.com\\\/radio\\\/#organization\",\"name\":\"Cabil\\u00f3 R\\u00e0dio\",\"description\":\"La r\\u00e0dio online de Sella\",\"url\":\"https:\\\/\\\/elcabilo.com\\\/radio\\\/\",\"logo\":{\"@type\":\"ImageObject\",\"url\":\"https:\\\/\\\/elcabilo.com\\\/radio\\\/files\\\/2023\\\/01\\\/cropped-logo_radio-1.gif\",\"@id\":\"https:\\\/\\\/elcabilo.com\\\/radio\\\/2013\\\/04\\\/01\\\/la-tributeca-programa-3\\\/#organizationLogo\",\"width\":250,\"height\":50},\"image\":{\"@id\":\"https:\\\/\\\/elcabilo.com\\\/radio\\\/2013\\\/04\\\/01\\\/la-tributeca-programa-3\\\/#organizationLogo\"}},{\"@type\":\"Person\",\"@id\":\"https:\\\/\\\/elcabilo.com\\\/radio\\\/author\\\/radio\\\/#author\",\"url\":\"https:\\\/\\\/elcabilo.com\\\/radio\\\/author\\\/radio\\\/\",\"name\":\"radio\",\"image\":{\"@type\":\"ImageObject\",\"@id\":\"https:\\\/\\\/elcabilo.com\\\/radio\\\/2013\\\/04\\\/01\\\/la-tributeca-programa-3\\\/#authorImage\",\"url\":\"https:\\\/\\\/secure.gravatar.com\\\/avatar\\\/bb687b465db46b8e9255d0921cc346091032a91fe77f93721088d5decb8a2d1a?s=96&d=mm&r=g\",\"width\":96,\"height\":96,\"caption\":\"radio\"}},{\"@type\":\"WebPage\",\"@id\":\"https:\\\/\\\/elcabilo.com\\\/radio\\\/2013\\\/04\\\/01\\\/la-tributeca-programa-3\\\/#webpage\",\"url\":\"https:\\\/\\\/elcabilo.com\\\/radio\\\/2013\\\/04\\\/01\\\/la-tributeca-programa-3\\\/\",\"name\":\"La Tributeca \\u2013 Programa 3 - Cabil\\u00f3R\\u00e0dio\",\"description\":\"Volvemos a las ondas despu\\u00e9s de un mes de descanso con mucha energia de retomar de nuevo el programa. En este mes tendremos algunas novedades por ejemplo, la entrevista que hicimos a Alex y Nelly en el Charquer donde nos explicaron sus inquietudes. Vienen desde Francia siguiendo la huella de la agroecologia por el mediterraneo y dispuestos a conocer\",\"inLanguage\":\"ca\",\"isPartOf\":{\"@id\":\"https:\\\/\\\/elcabilo.com\\\/radio\\\/#website\"},\"breadcrumb\":{\"@id\":\"https:\\\/\\\/elcabilo.com\\\/radio\\\/2013\\\/04\\\/01\\\/la-tributeca-programa-3\\\/#breadcrumblist\"},\"author\":{\"@id\":\"https:\\\/\\\/elcabilo.com\\\/radio\\\/author\\\/radio\\\/#author\"},\"creator\":{\"@id\":\"https:\\\/\\\/elcabilo.com\\\/radio\\\/author\\\/radio\\\/#author\"},\"image\":{\"@type\":\"ImageObject\",\"url\":\"https:\\\/\\\/elcabilo.com\\\/radio\\\/files\\\/2012\\\/12\\\/tributeca1.png\",\"@id\":\"https:\\\/\\\/elcabilo.com\\\/radio\\\/2013\\\/04\\\/01\\\/la-tributeca-programa-3\\\/#mainImage\",\"width\":568,\"height\":802},\"primaryImageOfPage\":{\"@id\":\"https:\\\/\\\/elcabilo.com\\\/radio\\\/2013\\\/04\\\/01\\\/la-tributeca-programa-3\\\/#mainImage\"},\"datePublished\":\"2013-04-01T23:30:33+02:00\",\"dateModified\":\"2013-04-01T13:57:02+02:00\"},{\"@type\":\"WebSite\",\"@id\":\"https:\\\/\\\/elcabilo.com\\\/radio\\\/#website\",\"url\":\"https:\\\/\\\/elcabilo.com\\\/radio\\\/\",\"name\":\"Cabil\\u00f3 R\\u00e0dio\",\"description\":\"La r\\u00e0dio online de Sella\",\"inLanguage\":\"ca\",\"publisher\":{\"@id\":\"https:\\\/\\\/elcabilo.com\\\/radio\\\/#organization\"}}]}\n\t\t<\/script>\n\t\t<!-- All in One SEO -->\n\n","aioseo_head_json":{"title":"La Tributeca \u2013 Programa 3 - Cabil\u00f3R\u00e0dio","description":"Volvemos a las ondas despu\u00e9s de un mes de descanso con mucha energia de retomar de nuevo el programa. En este mes tendremos algunas novedades por ejemplo, la entrevista que hicimos a Alex y Nelly en el Charquer donde nos explicaron sus inquietudes. Vienen desde Francia siguiendo la huella de la agroecologia por el mediterraneo y dispuestos a conocer","canonical_url":"https:\/\/elcabilo.com\/radio\/2013\/04\/01\/la-tributeca-programa-3\/","robots":"max-image-preview:large","keywords":"","webmasterTools":{"miscellaneous":""},"schema":{"@context":"https:\/\/schema.org","@graph":[{"@type":"BlogPosting","@id":"https:\/\/elcabilo.com\/radio\/2013\/04\/01\/la-tributeca-programa-3\/#blogposting","name":"La Tributeca \u2013 Programa 3 - Cabil\u00f3R\u00e0dio","headline":"La Tributeca &#8211; Programa 3","author":{"@id":"https:\/\/elcabilo.com\/radio\/author\/radio\/#author"},"publisher":{"@id":"https:\/\/elcabilo.com\/radio\/#organization"},"image":{"@type":"ImageObject","url":"https:\/\/elcabilo.com\/radio\/files\/2012\/12\/tributeca1.png","width":568,"height":802},"datePublished":"2013-04-01T23:30:33+02:00","dateModified":"2013-04-01T13:57:02+02:00","inLanguage":"ca","commentCount":3,"mainEntityOfPage":{"@id":"https:\/\/elcabilo.com\/radio\/2013\/04\/01\/la-tributeca-programa-3\/#webpage"},"isPartOf":{"@id":"https:\/\/elcabilo.com\/radio\/2013\/04\/01\/la-tributeca-programa-3\/#webpage"},"articleSection":"La tributeca"},{"@type":"BreadcrumbList","@id":"https:\/\/elcabilo.com\/radio\/2013\/04\/01\/la-tributeca-programa-3\/#breadcrumblist","itemListElement":[{"@type":"ListItem","@id":"https:\/\/elcabilo.com\/radio#listItem","position":1,"name":"Home","item":"https:\/\/elcabilo.com\/radio","nextItem":{"@type":"ListItem","@id":"https:\/\/elcabilo.com\/radio\/category\/programes\/#listItem","name":"Programes"}},{"@type":"ListItem","@id":"https:\/\/elcabilo.com\/radio\/category\/programes\/#listItem","position":2,"name":"Programes","item":"https:\/\/elcabilo.com\/radio\/category\/programes\/","nextItem":{"@type":"ListItem","@id":"https:\/\/elcabilo.com\/radio\/category\/programes\/la-tributeca\/#listItem","name":"La tributeca"},"previousItem":{"@type":"ListItem","@id":"https:\/\/elcabilo.com\/radio#listItem","name":"Home"}},{"@type":"ListItem","@id":"https:\/\/elcabilo.com\/radio\/category\/programes\/la-tributeca\/#listItem","position":3,"name":"La tributeca","item":"https:\/\/elcabilo.com\/radio\/category\/programes\/la-tributeca\/","nextItem":{"@type":"ListItem","@id":"https:\/\/elcabilo.com\/radio\/2013\/04\/01\/la-tributeca-programa-3\/#listItem","name":"La Tributeca &#8211; Programa 3"},"previousItem":{"@type":"ListItem","@id":"https:\/\/elcabilo.com\/radio\/category\/programes\/#listItem","name":"Programes"}},{"@type":"ListItem","@id":"https:\/\/elcabilo.com\/radio\/2013\/04\/01\/la-tributeca-programa-3\/#listItem","position":4,"name":"La Tributeca &#8211; Programa 3","previousItem":{"@type":"ListItem","@id":"https:\/\/elcabilo.com\/radio\/category\/programes\/la-tributeca\/#listItem","name":"La tributeca"}}]},{"@type":"Organization","@id":"https:\/\/elcabilo.com\/radio\/#organization","name":"Cabil\u00f3 R\u00e0dio","description":"La r\u00e0dio online de Sella","url":"https:\/\/elcabilo.com\/radio\/","logo":{"@type":"ImageObject","url":"https:\/\/elcabilo.com\/radio\/files\/2023\/01\/cropped-logo_radio-1.gif","@id":"https:\/\/elcabilo.com\/radio\/2013\/04\/01\/la-tributeca-programa-3\/#organizationLogo","width":250,"height":50},"image":{"@id":"https:\/\/elcabilo.com\/radio\/2013\/04\/01\/la-tributeca-programa-3\/#organizationLogo"}},{"@type":"Person","@id":"https:\/\/elcabilo.com\/radio\/author\/radio\/#author","url":"https:\/\/elcabilo.com\/radio\/author\/radio\/","name":"radio","image":{"@type":"ImageObject","@id":"https:\/\/elcabilo.com\/radio\/2013\/04\/01\/la-tributeca-programa-3\/#authorImage","url":"https:\/\/secure.gravatar.com\/avatar\/bb687b465db46b8e9255d0921cc346091032a91fe77f93721088d5decb8a2d1a?s=96&d=mm&r=g","width":96,"height":96,"caption":"radio"}},{"@type":"WebPage","@id":"https:\/\/elcabilo.com\/radio\/2013\/04\/01\/la-tributeca-programa-3\/#webpage","url":"https:\/\/elcabilo.com\/radio\/2013\/04\/01\/la-tributeca-programa-3\/","name":"La Tributeca \u2013 Programa 3 - Cabil\u00f3R\u00e0dio","description":"Volvemos a las ondas despu\u00e9s de un mes de descanso con mucha energia de retomar de nuevo el programa. En este mes tendremos algunas novedades por ejemplo, la entrevista que hicimos a Alex y Nelly en el Charquer donde nos explicaron sus inquietudes. Vienen desde Francia siguiendo la huella de la agroecologia por el mediterraneo y dispuestos a conocer","inLanguage":"ca","isPartOf":{"@id":"https:\/\/elcabilo.com\/radio\/#website"},"breadcrumb":{"@id":"https:\/\/elcabilo.com\/radio\/2013\/04\/01\/la-tributeca-programa-3\/#breadcrumblist"},"author":{"@id":"https:\/\/elcabilo.com\/radio\/author\/radio\/#author"},"creator":{"@id":"https:\/\/elcabilo.com\/radio\/author\/radio\/#author"},"image":{"@type":"ImageObject","url":"https:\/\/elcabilo.com\/radio\/files\/2012\/12\/tributeca1.png","@id":"https:\/\/elcabilo.com\/radio\/2013\/04\/01\/la-tributeca-programa-3\/#mainImage","width":568,"height":802},"primaryImageOfPage":{"@id":"https:\/\/elcabilo.com\/radio\/2013\/04\/01\/la-tributeca-programa-3\/#mainImage"},"datePublished":"2013-04-01T23:30:33+02:00","dateModified":"2013-04-01T13:57:02+02:00"},{"@type":"WebSite","@id":"https:\/\/elcabilo.com\/radio\/#website","url":"https:\/\/elcabilo.com\/radio\/","name":"Cabil\u00f3 R\u00e0dio","description":"La r\u00e0dio online de Sella","inLanguage":"ca","publisher":{"@id":"https:\/\/elcabilo.com\/radio\/#organization"}}]},"og:locale":"ca_ES","og:site_name":"Cabil\u00f3R\u00e0dio - La r\u00e0dio online de Sella","og:type":"article","og:title":"La Tributeca \u2013 Programa 3 - Cabil\u00f3R\u00e0dio","og:description":"Volvemos a las ondas despu\u00e9s de un mes de descanso con mucha energia de retomar de nuevo el programa. En este mes tendremos algunas novedades por ejemplo, la entrevista que hicimos a Alex y Nelly en el Charquer donde nos explicaron sus inquietudes. Vienen desde Francia siguiendo la huella de la agroecologia por el mediterraneo y dispuestos a conocer","og:url":"https:\/\/elcabilo.com\/radio\/2013\/04\/01\/la-tributeca-programa-3\/","og:image":"https:\/\/elcabilo.com\/radio\/files\/2023\/01\/cropped-logo_radio-1.gif","og:image:secure_url":"https:\/\/elcabilo.com\/radio\/files\/2023\/01\/cropped-logo_radio-1.gif","article:published_time":"2013-04-01T21:30:33+00:00","article:modified_time":"2013-04-01T11:57:02+00:00","twitter:card":"summary_large_image","twitter:title":"La Tributeca \u2013 Programa 3 - Cabil\u00f3R\u00e0dio","twitter:description":"Volvemos a las ondas despu\u00e9s de un mes de descanso con mucha energia de retomar de nuevo el programa. En este mes tendremos algunas novedades por ejemplo, la entrevista que hicimos a Alex y Nelly en el Charquer donde nos explicaron sus inquietudes. Vienen desde Francia siguiendo la huella de la agroecologia por el mediterraneo y dispuestos a conocer","twitter:image":"https:\/\/elcabilo.com\/radio\/files\/2023\/01\/cropped-logo_radio-1.gif"},"aioseo_meta_data":{"post_id":"650","title":null,"description":null,"keywords":null,"keyphrases":null,"primary_term":null,"canonical_url":null,"og_title":null,"og_description":null,"og_object_type":"default","og_image_type":"default","og_image_url":null,"og_image_width":null,"og_image_height":null,"og_image_custom_url":null,"og_image_custom_fields":null,"og_video":null,"og_custom_url":null,"og_article_section":null,"og_article_tags":null,"twitter_use_og":false,"twitter_card":"default","twitter_image_type":"default","twitter_image_url":null,"twitter_image_custom_url":null,"twitter_image_custom_fields":null,"twitter_title":null,"twitter_description":null,"schema":{"blockGraphs":[],"customGraphs":[],"default":{"data":{"Article":[],"Course":[],"Dataset":[],"FAQPage":[],"Movie":[],"Person":[],"Product":[],"ProductReview":[],"Car":[],"Recipe":[],"Service":[],"SoftwareApplication":[],"WebPage":[]},"graphName":"","isEnabled":true},"graphs":[]},"schema_type":"default","schema_type_options":null,"pillar_content":false,"robots_default":true,"robots_noindex":false,"robots_noarchive":false,"robots_nosnippet":false,"robots_nofollow":false,"robots_noimageindex":false,"robots_noodp":false,"robots_notranslate":false,"robots_max_snippet":null,"robots_max_videopreview":null,"robots_max_imagepreview":"large","priority":null,"frequency":null,"local_seo":null,"breadcrumb_settings":null,"limit_modified_date":false,"ai":null,"created":"2023-01-27 22:04:58","updated":"2025-06-08 19:01:29","seo_analyzer_scan_date":null,"focus_keyword":null,"additional_keywords":null,"truseo_locale":null},"aioseo_breadcrumb":"<div class=\"aioseo-breadcrumbs\"><span class=\"aioseo-breadcrumb\">\n\t\t\t<a href=\"https:\/\/elcabilo.com\/radio\" title=\"Home\">Home<\/a>\n\t\t<\/span><span class=\"aioseo-breadcrumb-separator\">&raquo;<\/span><span class=\"aioseo-breadcrumb\">\n\t\t\t<a href=\"https:\/\/elcabilo.com\/radio\/category\/programes\/\" title=\"Programes\">Programes<\/a>\n\t\t<\/span><span class=\"aioseo-breadcrumb-separator\">&raquo;<\/span><span class=\"aioseo-breadcrumb\">\n\t\t\t<a href=\"https:\/\/elcabilo.com\/radio\/category\/programes\/la-tributeca\/\" title=\"La tributeca\">La tributeca<\/a>\n\t\t<\/span><span class=\"aioseo-breadcrumb-separator\">&raquo;<\/span><span class=\"aioseo-breadcrumb\">\n\t\t\tLa Tributeca \u2013 Programa 3\n\t\t<\/span><\/div>","aioseo_breadcrumb_json":[{"label":"Home","link":"https:\/\/elcabilo.com\/radio"},{"label":"Programes","link":"https:\/\/elcabilo.com\/radio\/category\/programes\/"},{"label":"La tributeca","link":"https:\/\/elcabilo.com\/radio\/category\/programes\/la-tributeca\/"},{"label":"La Tributeca &#8211; Programa 3","link":"https:\/\/elcabilo.com\/radio\/2013\/04\/01\/la-tributeca-programa-3\/"}],"_links":{"self":[{"href":"https:\/\/elcabilo.com\/radio\/wp-json\/wp\/v2\/posts\/650","targetHints":{"allow":["GET"]}}],"collection":[{"href":"https:\/\/elcabilo.com\/radio\/wp-json\/wp\/v2\/posts"}],"about":[{"href":"https:\/\/elcabilo.com\/radio\/wp-json\/wp\/v2\/types\/post"}],"author":[{"embeddable":true,"href":"https:\/\/elcabilo.com\/radio\/wp-json\/wp\/v2\/users\/272"}],"replies":[{"embeddable":true,"href":"https:\/\/elcabilo.com\/radio\/wp-json\/wp\/v2\/comments?post=650"}],"version-history":[{"count":0,"href":"https:\/\/elcabilo.com\/radio\/wp-json\/wp\/v2\/posts\/650\/revisions"}],"wp:featuredmedia":[{"embeddable":true,"href":"https:\/\/elcabilo.com\/radio\/wp-json\/wp\/v2\/media\/154"}],"wp:attachment":[{"href":"https:\/\/elcabilo.com\/radio\/wp-json\/wp\/v2\/media?parent=650"}],"wp:term":[{"taxonomy":"category","embeddable":true,"href":"https:\/\/elcabilo.com\/radio\/wp-json\/wp\/v2\/categories?post=650"},{"taxonomy":"post_tag","embeddable":true,"href":"https:\/\/elcabilo.com\/radio\/wp-json\/wp\/v2\/tags?post=650"}],"curies":[{"name":"wp","href":"https:\/\/api.w.org\/{rel}","templated":true}]}}