{"id":662,"date":"2013-04-09T00:00:12","date_gmt":"2013-04-08T22:00:12","guid":{"rendered":"http:\/\/elcabilo.com\/radio\/?p=662"},"modified":"2013-04-09T00:09:15","modified_gmt":"2013-04-08T22:09:15","slug":"el-magazin-dabril","status":"publish","type":"post","link":"https:\/\/elcabilo.com\/radio\/2013\/04\/09\/el-magazin-dabril\/","title":{"rendered":"El magaz\u00edn d&#8217;abril"},"content":{"rendered":"<p style=\"text-align: justify;\">Este mes parlem sobre la Setmana Santa que acaba en un bon balan\u00e7 per al nostre poble,\u00a0l&#8217;Ajuntament aprova liquidar el pressupost de 2012 i aprovar el de 2013 , les escoles de Relleu, Orxeta i Sella, cel\u00b7lebren una jornada de conviv\u00e8ncia a Sella, naix l&#8217;Assamblea de Joves de la Marina Baixa, m\u00e9s de 90 persones acudeixen al sopar d&#8217;homes de la comissi\u00f3 de festes .<\/p>\n<p style=\"text-align: justify;\">Entrevistem a Vicente Llorca, empresari i actual president del club de pensionistes i juvilats de Sella, en el reportatge parlem sobre el canvi a l&#8217;hora d&#8217;estiu. Com sempre, fem un rep\u00e0s de l\u2019activitat cultural, la pilota i la secci\u00f3 ara fa 5 anys. Per acabar, recordem l\u2019agenda cultural i d\u2019oci del poble de Sella i la Marina Baixa, durant les setmanes seg\u00fcents.<\/p>\n<p style=\"text-align: center;\"><a class=\"{skin:'blue', animate:true, width:'200', volume:0.6, autoplay:false, loop:false, showVolumeLevel:true, showTime:true, showRew:true, downloadable:true, downloadablesecurity:false, id3: false}\" id=\"mbmaplayer_1365458346024\" href=\"http:\/\/archive.org\/download\/magazin_abril_13\/Magazin_abril_13.mp3\">El magaz\u00edn d&#8217;abril 2013<\/a><textarea class=\"map_params\" style=\"display: block; padding: 3px; background: #444; color: #fff; text-decoration: none;\" disabled=\"disabled\">map :: {skin:&#8217;blue&#8217;, animate:true, width:&#8217;200&#8242;, volume:0.6, autoplay:false, loop:false, showVolumeLevel:true, showTime:true, showRew:true, downloadable:true, downloadablesecurity:false, id3: false}<\/textarea><\/p>\n","protected":false},"excerpt":{"rendered":"<p>Este mes parlem sobre la Setmana Santa que acaba en un bon balan\u00e7 per al nostre poble,\u00a0l&#8217;Ajuntament aprova liquidar el pressupost de 2012 i aprovar el de 2013 , les escoles de Relleu, Orxeta i Sella, cel\u00b7lebren una jornada de conviv\u00e8ncia a Sella, naix l&#8217;Assamblea de Joves de la Marina Baixa, m\u00e9s de 90 persones [&hellip;]<\/p>\n","protected":false},"author":272,"featured_media":223,"comment_status":"open","ping_status":"open","sticky":false,"template":"","format":"standard","meta":{"_exactmetrics_skip_tracking":false,"footnotes":""},"categories":[3],"tags":[],"class_list":["post-662","post","type-post","status-publish","format-standard","has-post-thumbnail","hentry","category-magazin"],"aioseo_notices":[],"aioseo_head":"\n\t\t<!-- All in One SEO 5.0.1 - aioseo.com -->\n\t<meta name=\"description\" content=\"Este mes parlem sobre la Setmana Santa que acaba en un bon balan\u00e7 per al nostre poble, l&#039;Ajuntament aprova liquidar el pressupost de 2012 i aprovar el de 2013 , les escoles de Relleu, Orxeta i Sella, cel\u00b7lebren una jornada de conviv\u00e8ncia a Sella, naix l&#039;Assamblea de Joves de la Marina Baixa, m\u00e9s de 90 persones\" \/>\n\t<meta name=\"robots\" content=\"max-image-preview:large\" \/>\n\t<meta name=\"author\" content=\"radio\"\/>\n\t<link rel=\"canonical\" href=\"https:\/\/elcabilo.com\/radio\/2013\/04\/09\/el-magazin-dabril\/\" \/>\n\t<meta name=\"generator\" content=\"All in One SEO (AIOSEO) 5.0.1\" \/>\n\t\t<meta property=\"og:locale\" content=\"ca_ES\" \/>\n\t\t<meta property=\"og:site_name\" content=\"Cabil\u00f3R\u00e0dio - La r\u00e0dio online de Sella\" \/>\n\t\t<meta property=\"og:type\" content=\"article\" \/>\n\t\t<meta property=\"og:title\" content=\"El magaz\u00edn d\u2019abril - Cabil\u00f3R\u00e0dio\" \/>\n\t\t<meta property=\"og:description\" content=\"Este mes parlem sobre la Setmana Santa que acaba en un bon balan\u00e7 per al nostre poble, l&#039;Ajuntament aprova liquidar el pressupost de 2012 i aprovar el de 2013 , les escoles de Relleu, Orxeta i Sella, cel\u00b7lebren una jornada de conviv\u00e8ncia a Sella, naix l&#039;Assamblea de Joves de la Marina Baixa, m\u00e9s de 90 persones\" \/>\n\t\t<meta property=\"og:url\" content=\"https:\/\/elcabilo.com\/radio\/2013\/04\/09\/el-magazin-dabril\/\" \/>\n\t\t<meta property=\"og:image\" content=\"https:\/\/elcabilo.com\/radio\/files\/2023\/01\/cropped-logo_radio-1.gif\" \/>\n\t\t<meta property=\"og:image:secure_url\" content=\"https:\/\/elcabilo.com\/radio\/files\/2023\/01\/cropped-logo_radio-1.gif\" \/>\n\t\t<meta property=\"article:published_time\" content=\"2013-04-08T22:00:12+00:00\" \/>\n\t\t<meta property=\"article:modified_time\" content=\"2013-04-08T22:09:15+00:00\" \/>\n\t\t<meta name=\"twitter:card\" content=\"summary_large_image\" \/>\n\t\t<meta name=\"twitter:title\" content=\"El magaz\u00edn d\u2019abril - Cabil\u00f3R\u00e0dio\" \/>\n\t\t<meta name=\"twitter:description\" content=\"Este mes parlem sobre la Setmana Santa que acaba en un bon balan\u00e7 per al nostre poble, l&#039;Ajuntament aprova liquidar el pressupost de 2012 i aprovar el de 2013 , les escoles de Relleu, Orxeta i Sella, cel\u00b7lebren una jornada de conviv\u00e8ncia a Sella, naix l&#039;Assamblea de Joves de la Marina Baixa, m\u00e9s de 90 persones\" \/>\n\t\t<meta name=\"twitter:image\" content=\"https:\/\/elcabilo.com\/radio\/files\/2023\/01\/cropped-logo_radio-1.gif\" \/>\n\t\t<script type=\"application\/ld+json\" class=\"aioseo-schema\">\n\t\t\t{\"@context\":\"https:\\\/\\\/schema.org\",\"@graph\":[{\"@type\":\"BlogPosting\",\"@id\":\"https:\\\/\\\/elcabilo.com\\\/radio\\\/2013\\\/04\\\/09\\\/el-magazin-dabril\\\/#blogposting\",\"name\":\"El magaz\\u00edn d\\u2019abril - Cabil\\u00f3R\\u00e0dio\",\"headline\":\"El magaz\\u00edn d&#8217;abril\",\"author\":{\"@id\":\"https:\\\/\\\/elcabilo.com\\\/radio\\\/author\\\/radio\\\/#author\"},\"publisher\":{\"@id\":\"https:\\\/\\\/elcabilo.com\\\/radio\\\/#organization\"},\"image\":{\"@type\":\"ImageObject\",\"url\":\"https:\\\/\\\/elcabilo.com\\\/radio\\\/files\\\/2013\\\/01\\\/magazin2.jpg\",\"width\":900,\"height\":300},\"datePublished\":\"2013-04-09T00:00:12+02:00\",\"dateModified\":\"2013-04-09T00:09:15+02:00\",\"inLanguage\":\"ca\",\"commentCount\":3,\"mainEntityOfPage\":{\"@id\":\"https:\\\/\\\/elcabilo.com\\\/radio\\\/2013\\\/04\\\/09\\\/el-magazin-dabril\\\/#webpage\"},\"isPartOf\":{\"@id\":\"https:\\\/\\\/elcabilo.com\\\/radio\\\/2013\\\/04\\\/09\\\/el-magazin-dabril\\\/#webpage\"},\"articleSection\":\"El magaz\\u00edn\"},{\"@type\":\"BreadcrumbList\",\"@id\":\"https:\\\/\\\/elcabilo.com\\\/radio\\\/2013\\\/04\\\/09\\\/el-magazin-dabril\\\/#breadcrumblist\",\"itemListElement\":[{\"@type\":\"ListItem\",\"@id\":\"https:\\\/\\\/elcabilo.com\\\/radio#listItem\",\"position\":1,\"name\":\"Home\",\"item\":\"https:\\\/\\\/elcabilo.com\\\/radio\",\"nextItem\":{\"@type\":\"ListItem\",\"@id\":\"https:\\\/\\\/elcabilo.com\\\/radio\\\/category\\\/magazin\\\/#listItem\",\"name\":\"El magaz\\u00edn\"}},{\"@type\":\"ListItem\",\"@id\":\"https:\\\/\\\/elcabilo.com\\\/radio\\\/category\\\/magazin\\\/#listItem\",\"position\":2,\"name\":\"El magaz\\u00edn\",\"item\":\"https:\\\/\\\/elcabilo.com\\\/radio\\\/category\\\/magazin\\\/\",\"nextItem\":{\"@type\":\"ListItem\",\"@id\":\"https:\\\/\\\/elcabilo.com\\\/radio\\\/2013\\\/04\\\/09\\\/el-magazin-dabril\\\/#listItem\",\"name\":\"El magaz\\u00edn d&#8217;abril\"},\"previousItem\":{\"@type\":\"ListItem\",\"@id\":\"https:\\\/\\\/elcabilo.com\\\/radio#listItem\",\"name\":\"Home\"}},{\"@type\":\"ListItem\",\"@id\":\"https:\\\/\\\/elcabilo.com\\\/radio\\\/2013\\\/04\\\/09\\\/el-magazin-dabril\\\/#listItem\",\"position\":3,\"name\":\"El magaz\\u00edn d&#8217;abril\",\"previousItem\":{\"@type\":\"ListItem\",\"@id\":\"https:\\\/\\\/elcabilo.com\\\/radio\\\/category\\\/magazin\\\/#listItem\",\"name\":\"El magaz\\u00edn\"}}]},{\"@type\":\"Organization\",\"@id\":\"https:\\\/\\\/elcabilo.com\\\/radio\\\/#organization\",\"name\":\"Cabil\\u00f3 R\\u00e0dio\",\"description\":\"La r\\u00e0dio online de Sella\",\"url\":\"https:\\\/\\\/elcabilo.com\\\/radio\\\/\",\"logo\":{\"@type\":\"ImageObject\",\"url\":\"https:\\\/\\\/elcabilo.com\\\/radio\\\/files\\\/2023\\\/01\\\/cropped-logo_radio-1.gif\",\"@id\":\"https:\\\/\\\/elcabilo.com\\\/radio\\\/2013\\\/04\\\/09\\\/el-magazin-dabril\\\/#organizationLogo\",\"width\":250,\"height\":50},\"image\":{\"@id\":\"https:\\\/\\\/elcabilo.com\\\/radio\\\/2013\\\/04\\\/09\\\/el-magazin-dabril\\\/#organizationLogo\"}},{\"@type\":\"Person\",\"@id\":\"https:\\\/\\\/elcabilo.com\\\/radio\\\/author\\\/radio\\\/#author\",\"url\":\"https:\\\/\\\/elcabilo.com\\\/radio\\\/author\\\/radio\\\/\",\"name\":\"radio\",\"image\":{\"@type\":\"ImageObject\",\"@id\":\"https:\\\/\\\/elcabilo.com\\\/radio\\\/2013\\\/04\\\/09\\\/el-magazin-dabril\\\/#authorImage\",\"url\":\"https:\\\/\\\/secure.gravatar.com\\\/avatar\\\/bb687b465db46b8e9255d0921cc346091032a91fe77f93721088d5decb8a2d1a?s=96&d=mm&r=g\",\"width\":96,\"height\":96,\"caption\":\"radio\"}},{\"@type\":\"WebPage\",\"@id\":\"https:\\\/\\\/elcabilo.com\\\/radio\\\/2013\\\/04\\\/09\\\/el-magazin-dabril\\\/#webpage\",\"url\":\"https:\\\/\\\/elcabilo.com\\\/radio\\\/2013\\\/04\\\/09\\\/el-magazin-dabril\\\/\",\"name\":\"El magaz\\u00edn d\\u2019abril - Cabil\\u00f3R\\u00e0dio\",\"description\":\"Este mes parlem sobre la Setmana Santa que acaba en un bon balan\\u00e7 per al nostre poble, l'Ajuntament aprova liquidar el pressupost de 2012 i aprovar el de 2013 , les escoles de Relleu, Orxeta i Sella, cel\\u00b7lebren una jornada de conviv\\u00e8ncia a Sella, naix l'Assamblea de Joves de la Marina Baixa, m\\u00e9s de 90 persones\",\"inLanguage\":\"ca\",\"isPartOf\":{\"@id\":\"https:\\\/\\\/elcabilo.com\\\/radio\\\/#website\"},\"breadcrumb\":{\"@id\":\"https:\\\/\\\/elcabilo.com\\\/radio\\\/2013\\\/04\\\/09\\\/el-magazin-dabril\\\/#breadcrumblist\"},\"author\":{\"@id\":\"https:\\\/\\\/elcabilo.com\\\/radio\\\/author\\\/radio\\\/#author\"},\"creator\":{\"@id\":\"https:\\\/\\\/elcabilo.com\\\/radio\\\/author\\\/radio\\\/#author\"},\"image\":{\"@type\":\"ImageObject\",\"url\":\"https:\\\/\\\/elcabilo.com\\\/radio\\\/files\\\/2013\\\/01\\\/magazin2.jpg\",\"@id\":\"https:\\\/\\\/elcabilo.com\\\/radio\\\/2013\\\/04\\\/09\\\/el-magazin-dabril\\\/#mainImage\",\"width\":900,\"height\":300},\"primaryImageOfPage\":{\"@id\":\"https:\\\/\\\/elcabilo.com\\\/radio\\\/2013\\\/04\\\/09\\\/el-magazin-dabril\\\/#mainImage\"},\"datePublished\":\"2013-04-09T00:00:12+02:00\",\"dateModified\":\"2013-04-09T00:09:15+02:00\"},{\"@type\":\"WebSite\",\"@id\":\"https:\\\/\\\/elcabilo.com\\\/radio\\\/#website\",\"url\":\"https:\\\/\\\/elcabilo.com\\\/radio\\\/\",\"name\":\"Cabil\\u00f3 R\\u00e0dio\",\"description\":\"La r\\u00e0dio online de Sella\",\"inLanguage\":\"ca\",\"publisher\":{\"@id\":\"https:\\\/\\\/elcabilo.com\\\/radio\\\/#organization\"}}]}\n\t\t<\/script>\n\t\t<!-- All in One SEO -->\n\n","aioseo_head_json":{"title":"El magaz\u00edn d\u2019abril - Cabil\u00f3R\u00e0dio","description":"Este mes parlem sobre la Setmana Santa que acaba en un bon balan\u00e7 per al nostre poble, l'Ajuntament aprova liquidar el pressupost de 2012 i aprovar el de 2013 , les escoles de Relleu, Orxeta i Sella, cel\u00b7lebren una jornada de conviv\u00e8ncia a Sella, naix l'Assamblea de Joves de la Marina Baixa, m\u00e9s de 90 persones","canonical_url":"https:\/\/elcabilo.com\/radio\/2013\/04\/09\/el-magazin-dabril\/","robots":"max-image-preview:large","keywords":"","webmasterTools":{"miscellaneous":""},"schema":{"@context":"https:\/\/schema.org","@graph":[{"@type":"BlogPosting","@id":"https:\/\/elcabilo.com\/radio\/2013\/04\/09\/el-magazin-dabril\/#blogposting","name":"El magaz\u00edn d\u2019abril - Cabil\u00f3R\u00e0dio","headline":"El magaz\u00edn d&#8217;abril","author":{"@id":"https:\/\/elcabilo.com\/radio\/author\/radio\/#author"},"publisher":{"@id":"https:\/\/elcabilo.com\/radio\/#organization"},"image":{"@type":"ImageObject","url":"https:\/\/elcabilo.com\/radio\/files\/2013\/01\/magazin2.jpg","width":900,"height":300},"datePublished":"2013-04-09T00:00:12+02:00","dateModified":"2013-04-09T00:09:15+02:00","inLanguage":"ca","commentCount":3,"mainEntityOfPage":{"@id":"https:\/\/elcabilo.com\/radio\/2013\/04\/09\/el-magazin-dabril\/#webpage"},"isPartOf":{"@id":"https:\/\/elcabilo.com\/radio\/2013\/04\/09\/el-magazin-dabril\/#webpage"},"articleSection":"El magaz\u00edn"},{"@type":"BreadcrumbList","@id":"https:\/\/elcabilo.com\/radio\/2013\/04\/09\/el-magazin-dabril\/#breadcrumblist","itemListElement":[{"@type":"ListItem","@id":"https:\/\/elcabilo.com\/radio#listItem","position":1,"name":"Home","item":"https:\/\/elcabilo.com\/radio","nextItem":{"@type":"ListItem","@id":"https:\/\/elcabilo.com\/radio\/category\/magazin\/#listItem","name":"El magaz\u00edn"}},{"@type":"ListItem","@id":"https:\/\/elcabilo.com\/radio\/category\/magazin\/#listItem","position":2,"name":"El magaz\u00edn","item":"https:\/\/elcabilo.com\/radio\/category\/magazin\/","nextItem":{"@type":"ListItem","@id":"https:\/\/elcabilo.com\/radio\/2013\/04\/09\/el-magazin-dabril\/#listItem","name":"El magaz\u00edn d&#8217;abril"},"previousItem":{"@type":"ListItem","@id":"https:\/\/elcabilo.com\/radio#listItem","name":"Home"}},{"@type":"ListItem","@id":"https:\/\/elcabilo.com\/radio\/2013\/04\/09\/el-magazin-dabril\/#listItem","position":3,"name":"El magaz\u00edn d&#8217;abril","previousItem":{"@type":"ListItem","@id":"https:\/\/elcabilo.com\/radio\/category\/magazin\/#listItem","name":"El magaz\u00edn"}}]},{"@type":"Organization","@id":"https:\/\/elcabilo.com\/radio\/#organization","name":"Cabil\u00f3 R\u00e0dio","description":"La r\u00e0dio online de Sella","url":"https:\/\/elcabilo.com\/radio\/","logo":{"@type":"ImageObject","url":"https:\/\/elcabilo.com\/radio\/files\/2023\/01\/cropped-logo_radio-1.gif","@id":"https:\/\/elcabilo.com\/radio\/2013\/04\/09\/el-magazin-dabril\/#organizationLogo","width":250,"height":50},"image":{"@id":"https:\/\/elcabilo.com\/radio\/2013\/04\/09\/el-magazin-dabril\/#organizationLogo"}},{"@type":"Person","@id":"https:\/\/elcabilo.com\/radio\/author\/radio\/#author","url":"https:\/\/elcabilo.com\/radio\/author\/radio\/","name":"radio","image":{"@type":"ImageObject","@id":"https:\/\/elcabilo.com\/radio\/2013\/04\/09\/el-magazin-dabril\/#authorImage","url":"https:\/\/secure.gravatar.com\/avatar\/bb687b465db46b8e9255d0921cc346091032a91fe77f93721088d5decb8a2d1a?s=96&d=mm&r=g","width":96,"height":96,"caption":"radio"}},{"@type":"WebPage","@id":"https:\/\/elcabilo.com\/radio\/2013\/04\/09\/el-magazin-dabril\/#webpage","url":"https:\/\/elcabilo.com\/radio\/2013\/04\/09\/el-magazin-dabril\/","name":"El magaz\u00edn d\u2019abril - Cabil\u00f3R\u00e0dio","description":"Este mes parlem sobre la Setmana Santa que acaba en un bon balan\u00e7 per al nostre poble, l'Ajuntament aprova liquidar el pressupost de 2012 i aprovar el de 2013 , les escoles de Relleu, Orxeta i Sella, cel\u00b7lebren una jornada de conviv\u00e8ncia a Sella, naix l'Assamblea de Joves de la Marina Baixa, m\u00e9s de 90 persones","inLanguage":"ca","isPartOf":{"@id":"https:\/\/elcabilo.com\/radio\/#website"},"breadcrumb":{"@id":"https:\/\/elcabilo.com\/radio\/2013\/04\/09\/el-magazin-dabril\/#breadcrumblist"},"author":{"@id":"https:\/\/elcabilo.com\/radio\/author\/radio\/#author"},"creator":{"@id":"https:\/\/elcabilo.com\/radio\/author\/radio\/#author"},"image":{"@type":"ImageObject","url":"https:\/\/elcabilo.com\/radio\/files\/2013\/01\/magazin2.jpg","@id":"https:\/\/elcabilo.com\/radio\/2013\/04\/09\/el-magazin-dabril\/#mainImage","width":900,"height":300},"primaryImageOfPage":{"@id":"https:\/\/elcabilo.com\/radio\/2013\/04\/09\/el-magazin-dabril\/#mainImage"},"datePublished":"2013-04-09T00:00:12+02:00","dateModified":"2013-04-09T00:09:15+02:00"},{"@type":"WebSite","@id":"https:\/\/elcabilo.com\/radio\/#website","url":"https:\/\/elcabilo.com\/radio\/","name":"Cabil\u00f3 R\u00e0dio","description":"La r\u00e0dio online de Sella","inLanguage":"ca","publisher":{"@id":"https:\/\/elcabilo.com\/radio\/#organization"}}]},"og:locale":"ca_ES","og:site_name":"Cabil\u00f3R\u00e0dio - La r\u00e0dio online de Sella","og:type":"article","og:title":"El magaz\u00edn d\u2019abril - Cabil\u00f3R\u00e0dio","og:description":"Este mes parlem sobre la Setmana Santa que acaba en un bon balan\u00e7 per al nostre poble, l'Ajuntament aprova liquidar el pressupost de 2012 i aprovar el de 2013 , les escoles de Relleu, Orxeta i Sella, cel\u00b7lebren una jornada de conviv\u00e8ncia a Sella, naix l'Assamblea de Joves de la Marina Baixa, m\u00e9s de 90 persones","og:url":"https:\/\/elcabilo.com\/radio\/2013\/04\/09\/el-magazin-dabril\/","og:image":"https:\/\/elcabilo.com\/radio\/files\/2023\/01\/cropped-logo_radio-1.gif","og:image:secure_url":"https:\/\/elcabilo.com\/radio\/files\/2023\/01\/cropped-logo_radio-1.gif","article:published_time":"2013-04-08T22:00:12+00:00","article:modified_time":"2013-04-08T22:09:15+00:00","twitter:card":"summary_large_image","twitter:title":"El magaz\u00edn d\u2019abril - Cabil\u00f3R\u00e0dio","twitter:description":"Este mes parlem sobre la Setmana Santa que acaba en un bon balan\u00e7 per al nostre poble, l'Ajuntament aprova liquidar el pressupost de 2012 i aprovar el de 2013 , les escoles de Relleu, Orxeta i Sella, cel\u00b7lebren una jornada de conviv\u00e8ncia a Sella, naix l'Assamblea de Joves de la Marina Baixa, m\u00e9s de 90 persones","twitter:image":"https:\/\/elcabilo.com\/radio\/files\/2023\/01\/cropped-logo_radio-1.gif"},"aioseo_meta_data":{"post_id":"662","title":null,"description":null,"keywords":null,"keyphrases":null,"primary_term":null,"canonical_url":null,"og_title":null,"og_description":null,"og_object_type":"default","og_image_type":"default","og_image_url":null,"og_image_width":null,"og_image_height":null,"og_image_custom_url":null,"og_image_custom_fields":null,"og_video":null,"og_custom_url":null,"og_article_section":null,"og_article_tags":null,"twitter_use_og":false,"twitter_card":"default","twitter_image_type":"default","twitter_image_url":null,"twitter_image_custom_url":null,"twitter_image_custom_fields":null,"twitter_title":null,"twitter_description":null,"schema":{"blockGraphs":[],"customGraphs":[],"default":{"data":{"Article":[],"Course":[],"Dataset":[],"FAQPage":[],"Movie":[],"Person":[],"Product":[],"ProductReview":[],"Car":[],"Recipe":[],"Service":[],"SoftwareApplication":[],"WebPage":[]},"graphName":"","isEnabled":true},"graphs":[]},"schema_type":"default","schema_type_options":null,"pillar_content":false,"robots_default":true,"robots_noindex":false,"robots_noarchive":false,"robots_nosnippet":false,"robots_nofollow":false,"robots_noimageindex":false,"robots_noodp":false,"robots_notranslate":false,"robots_max_snippet":null,"robots_max_videopreview":null,"robots_max_imagepreview":"large","priority":null,"frequency":null,"local_seo":null,"breadcrumb_settings":null,"limit_modified_date":false,"ai":null,"created":"2023-01-27 22:04:58","updated":"2025-06-08 19:01:29","seo_analyzer_scan_date":null,"focus_keyword":null,"additional_keywords":null,"truseo_locale":null},"aioseo_breadcrumb":"<div class=\"aioseo-breadcrumbs\"><span class=\"aioseo-breadcrumb\">\n\t\t\t<a href=\"https:\/\/elcabilo.com\/radio\" title=\"Home\">Home<\/a>\n\t\t<\/span><span class=\"aioseo-breadcrumb-separator\">&raquo;<\/span><span class=\"aioseo-breadcrumb\">\n\t\t\t<a href=\"https:\/\/elcabilo.com\/radio\/category\/magazin\/\" title=\"El magaz\u00edn\">El magaz\u00edn<\/a>\n\t\t<\/span><span class=\"aioseo-breadcrumb-separator\">&raquo;<\/span><span class=\"aioseo-breadcrumb\">\n\t\t\tEl magaz\u00edn d\u2019abril\n\t\t<\/span><\/div>","aioseo_breadcrumb_json":[{"label":"Home","link":"https:\/\/elcabilo.com\/radio"},{"label":"El magaz\u00edn","link":"https:\/\/elcabilo.com\/radio\/category\/magazin\/"},{"label":"El magaz\u00edn d&#8217;abril","link":"https:\/\/elcabilo.com\/radio\/2013\/04\/09\/el-magazin-dabril\/"}],"_links":{"self":[{"href":"https:\/\/elcabilo.com\/radio\/wp-json\/wp\/v2\/posts\/662","targetHints":{"allow":["GET"]}}],"collection":[{"href":"https:\/\/elcabilo.com\/radio\/wp-json\/wp\/v2\/posts"}],"about":[{"href":"https:\/\/elcabilo.com\/radio\/wp-json\/wp\/v2\/types\/post"}],"author":[{"embeddable":true,"href":"https:\/\/elcabilo.com\/radio\/wp-json\/wp\/v2\/users\/272"}],"replies":[{"embeddable":true,"href":"https:\/\/elcabilo.com\/radio\/wp-json\/wp\/v2\/comments?post=662"}],"version-history":[{"count":0,"href":"https:\/\/elcabilo.com\/radio\/wp-json\/wp\/v2\/posts\/662\/revisions"}],"wp:featuredmedia":[{"embeddable":true,"href":"https:\/\/elcabilo.com\/radio\/wp-json\/wp\/v2\/media\/223"}],"wp:attachment":[{"href":"https:\/\/elcabilo.com\/radio\/wp-json\/wp\/v2\/media?parent=662"}],"wp:term":[{"taxonomy":"category","embeddable":true,"href":"https:\/\/elcabilo.com\/radio\/wp-json\/wp\/v2\/categories?post=662"},{"taxonomy":"post_tag","embeddable":true,"href":"https:\/\/elcabilo.com\/radio\/wp-json\/wp\/v2\/tags?post=662"}],"curies":[{"name":"wp","href":"https:\/\/api.w.org\/{rel}","templated":true}]}}