{"id":689,"date":"2013-04-14T23:30:50","date_gmt":"2013-04-14T21:30:50","guid":{"rendered":"http:\/\/elcabilo.com\/radio\/?p=689"},"modified":"2013-04-14T22:47:20","modified_gmt":"2013-04-14T20:47:20","slug":"connectat-la-seguretat-al-facebook","status":"publish","type":"post","link":"https:\/\/elcabilo.com\/radio\/2013\/04\/14\/connectat-la-seguretat-al-facebook\/","title":{"rendered":"Connecta&#8217;t &#8211; La seguretat al Facebook"},"content":{"rendered":"<p><span style=\"font-family: Calibri;\">El programa de hui el dediquem a entrar, de forma molt breu, en alguns aspectes de la privacitat d\u2019eixa xarxa social tant gastada: <strong>el Facebook<\/strong>.<\/span><\/p>\n<p style=\"text-align: center;\"><span style=\"font-family: Calibri;\"><a class=\"{skin:'blue', animate:true, width:'200', volume:0.6, autoplay:false, loop:false, showVolumeLevel:true, showTime:true, showRew:true, downloadable:true, downloadablesecurity:false, id3: false}\" id=\"mbmaplayer_1365971589600\" href=\"http:\/\/archive.org\/download\/conectat_abril_13\/Connecta_t_facebook.mp3\">Connecta&#8217;t &#8211; La seguretat al Facebook<\/a><textarea class=\"map_params\" style=\"display: block; padding: 3px; background: #444; color: #fff; text-decoration: none;\" disabled=\"disabled\">map :: {skin:&#8217;blue&#8217;, animate:true, width:&#8217;200&#8242;, volume:0.6, autoplay:false, loop:false, showVolumeLevel:true, showTime:true, showRew:true, downloadable:true, downloadablesecurity:false, id3: false}<\/textarea><\/span><\/p>\n<p>\u00a0<a href=\"https:\/\/elcabilo.com\/radio\/files\/2013\/04\/Configuracio-de-privacitat-al-facebook.pdf\" target=\"_blank\">Descarrega&#8217;t ac\u00ed<\/a> el document per a seguir el programa.<\/p>\n","protected":false},"excerpt":{"rendered":"<p>El programa de hui el dediquem a entrar, de forma molt breu, en alguns aspectes de la privacitat d\u2019eixa xarxa social tant gastada: el Facebook. Connecta&#8217;t &#8211; La seguretat al Facebookmap :: {skin:&#8217;blue&#8217;, animate:true, width:&#8217;200&#8242;, volume:0.6, autoplay:false, loop:false, showVolumeLevel:true, showTime:true, showRew:true, downloadable:true, downloadablesecurity:false, id3: false} \u00a0Descarrega&#8217;t ac\u00ed el document per a seguir el programa.<\/p>\n","protected":false},"author":272,"featured_media":693,"comment_status":"open","ping_status":"open","sticky":false,"template":"","format":"standard","meta":{"_exactmetrics_skip_tracking":false,"footnotes":""},"categories":[18],"tags":[],"class_list":["post-689","post","type-post","status-publish","format-standard","has-post-thumbnail","hentry","category-connectat"],"aioseo_notices":[],"aioseo_head":"\n\t\t<!-- All in One SEO 5.0.1 - aioseo.com -->\n\t<meta name=\"description\" content=\"El programa de hui el dediquem a entrar, de forma molt breu, en alguns aspectes de la privacitat d\u2019eixa xarxa social tant gastada: el Facebook. Connecta&#039;t - La seguretat al Facebookmap :: {skin:&#039;blue&#039;, animate:true, width:&#039;200&#039;, volume:0.6, autoplay:false, loop:false, showVolumeLevel:true, showTime:true, showRew:true, downloadable:true, downloadablesecurity:false, id3: false} Descarrega&#039;t ac\u00ed el document per a seguir el programa.\" \/>\n\t<meta name=\"robots\" content=\"max-image-preview:large\" \/>\n\t<meta name=\"author\" content=\"radio\"\/>\n\t<link rel=\"canonical\" href=\"https:\/\/elcabilo.com\/radio\/2013\/04\/14\/connectat-la-seguretat-al-facebook\/\" \/>\n\t<meta name=\"generator\" content=\"All in One SEO (AIOSEO) 5.0.1\" \/>\n\t\t<meta property=\"og:locale\" content=\"ca_ES\" \/>\n\t\t<meta property=\"og:site_name\" content=\"Cabil\u00f3R\u00e0dio - La r\u00e0dio online de Sella\" \/>\n\t\t<meta property=\"og:type\" content=\"article\" \/>\n\t\t<meta property=\"og:title\" content=\"Connecta\u2019t \u2013 La seguretat al Facebook - Cabil\u00f3R\u00e0dio\" \/>\n\t\t<meta property=\"og:description\" content=\"El programa de hui el dediquem a entrar, de forma molt breu, en alguns aspectes de la privacitat d\u2019eixa xarxa social tant gastada: el Facebook. Connecta&#039;t - La seguretat al Facebookmap :: {skin:&#039;blue&#039;, animate:true, width:&#039;200&#039;, volume:0.6, autoplay:false, loop:false, showVolumeLevel:true, showTime:true, showRew:true, downloadable:true, downloadablesecurity:false, id3: false} Descarrega&#039;t ac\u00ed el document per a seguir el programa.\" \/>\n\t\t<meta property=\"og:url\" content=\"https:\/\/elcabilo.com\/radio\/2013\/04\/14\/connectat-la-seguretat-al-facebook\/\" \/>\n\t\t<meta property=\"og:image\" content=\"https:\/\/elcabilo.com\/radio\/files\/2023\/01\/cropped-logo_radio-1.gif\" \/>\n\t\t<meta property=\"og:image:secure_url\" content=\"https:\/\/elcabilo.com\/radio\/files\/2023\/01\/cropped-logo_radio-1.gif\" \/>\n\t\t<meta property=\"article:published_time\" content=\"2013-04-14T21:30:50+00:00\" \/>\n\t\t<meta property=\"article:modified_time\" content=\"2013-04-14T20:47:20+00:00\" \/>\n\t\t<meta name=\"twitter:card\" content=\"summary_large_image\" \/>\n\t\t<meta name=\"twitter:title\" content=\"Connecta\u2019t \u2013 La seguretat al Facebook - Cabil\u00f3R\u00e0dio\" \/>\n\t\t<meta name=\"twitter:description\" content=\"El programa de hui el dediquem a entrar, de forma molt breu, en alguns aspectes de la privacitat d\u2019eixa xarxa social tant gastada: el Facebook. Connecta&#039;t - La seguretat al Facebookmap :: {skin:&#039;blue&#039;, animate:true, width:&#039;200&#039;, volume:0.6, autoplay:false, loop:false, showVolumeLevel:true, showTime:true, showRew:true, downloadable:true, downloadablesecurity:false, id3: false} Descarrega&#039;t ac\u00ed el document per a seguir el programa.\" \/>\n\t\t<meta name=\"twitter:image\" content=\"https:\/\/elcabilo.com\/radio\/files\/2023\/01\/cropped-logo_radio-1.gif\" \/>\n\t\t<script type=\"application\/ld+json\" class=\"aioseo-schema\">\n\t\t\t{\"@context\":\"https:\\\/\\\/schema.org\",\"@graph\":[{\"@type\":\"BlogPosting\",\"@id\":\"https:\\\/\\\/elcabilo.com\\\/radio\\\/2013\\\/04\\\/14\\\/connectat-la-seguretat-al-facebook\\\/#blogposting\",\"name\":\"Connecta\\u2019t \\u2013 La seguretat al Facebook - Cabil\\u00f3R\\u00e0dio\",\"headline\":\"Connecta&#8217;t &#8211; La seguretat al Facebook\",\"author\":{\"@id\":\"https:\\\/\\\/elcabilo.com\\\/radio\\\/author\\\/radio\\\/#author\"},\"publisher\":{\"@id\":\"https:\\\/\\\/elcabilo.com\\\/radio\\\/#organization\"},\"image\":{\"@type\":\"ImageObject\",\"url\":\"https:\\\/\\\/elcabilo.com\\\/radio\\\/files\\\/2013\\\/04\\\/facebook-privacidad.jpg\",\"width\":985,\"height\":413},\"datePublished\":\"2013-04-14T23:30:50+02:00\",\"dateModified\":\"2013-04-14T22:47:20+02:00\",\"inLanguage\":\"ca\",\"commentCount\":9,\"mainEntityOfPage\":{\"@id\":\"https:\\\/\\\/elcabilo.com\\\/radio\\\/2013\\\/04\\\/14\\\/connectat-la-seguretat-al-facebook\\\/#webpage\"},\"isPartOf\":{\"@id\":\"https:\\\/\\\/elcabilo.com\\\/radio\\\/2013\\\/04\\\/14\\\/connectat-la-seguretat-al-facebook\\\/#webpage\"},\"articleSection\":\"Connecta't\"},{\"@type\":\"BreadcrumbList\",\"@id\":\"https:\\\/\\\/elcabilo.com\\\/radio\\\/2013\\\/04\\\/14\\\/connectat-la-seguretat-al-facebook\\\/#breadcrumblist\",\"itemListElement\":[{\"@type\":\"ListItem\",\"@id\":\"https:\\\/\\\/elcabilo.com\\\/radio#listItem\",\"position\":1,\"name\":\"Home\",\"item\":\"https:\\\/\\\/elcabilo.com\\\/radio\",\"nextItem\":{\"@type\":\"ListItem\",\"@id\":\"https:\\\/\\\/elcabilo.com\\\/radio\\\/category\\\/programes\\\/#listItem\",\"name\":\"Programes\"}},{\"@type\":\"ListItem\",\"@id\":\"https:\\\/\\\/elcabilo.com\\\/radio\\\/category\\\/programes\\\/#listItem\",\"position\":2,\"name\":\"Programes\",\"item\":\"https:\\\/\\\/elcabilo.com\\\/radio\\\/category\\\/programes\\\/\",\"nextItem\":{\"@type\":\"ListItem\",\"@id\":\"https:\\\/\\\/elcabilo.com\\\/radio\\\/category\\\/programes\\\/connectat\\\/#listItem\",\"name\":\"Connecta't\"},\"previousItem\":{\"@type\":\"ListItem\",\"@id\":\"https:\\\/\\\/elcabilo.com\\\/radio#listItem\",\"name\":\"Home\"}},{\"@type\":\"ListItem\",\"@id\":\"https:\\\/\\\/elcabilo.com\\\/radio\\\/category\\\/programes\\\/connectat\\\/#listItem\",\"position\":3,\"name\":\"Connecta't\",\"item\":\"https:\\\/\\\/elcabilo.com\\\/radio\\\/category\\\/programes\\\/connectat\\\/\",\"nextItem\":{\"@type\":\"ListItem\",\"@id\":\"https:\\\/\\\/elcabilo.com\\\/radio\\\/2013\\\/04\\\/14\\\/connectat-la-seguretat-al-facebook\\\/#listItem\",\"name\":\"Connecta&#8217;t &#8211; La seguretat al Facebook\"},\"previousItem\":{\"@type\":\"ListItem\",\"@id\":\"https:\\\/\\\/elcabilo.com\\\/radio\\\/category\\\/programes\\\/#listItem\",\"name\":\"Programes\"}},{\"@type\":\"ListItem\",\"@id\":\"https:\\\/\\\/elcabilo.com\\\/radio\\\/2013\\\/04\\\/14\\\/connectat-la-seguretat-al-facebook\\\/#listItem\",\"position\":4,\"name\":\"Connecta&#8217;t &#8211; La seguretat al Facebook\",\"previousItem\":{\"@type\":\"ListItem\",\"@id\":\"https:\\\/\\\/elcabilo.com\\\/radio\\\/category\\\/programes\\\/connectat\\\/#listItem\",\"name\":\"Connecta't\"}}]},{\"@type\":\"Organization\",\"@id\":\"https:\\\/\\\/elcabilo.com\\\/radio\\\/#organization\",\"name\":\"Cabil\\u00f3 R\\u00e0dio\",\"description\":\"La r\\u00e0dio online de Sella\",\"url\":\"https:\\\/\\\/elcabilo.com\\\/radio\\\/\",\"logo\":{\"@type\":\"ImageObject\",\"url\":\"https:\\\/\\\/elcabilo.com\\\/radio\\\/files\\\/2023\\\/01\\\/cropped-logo_radio-1.gif\",\"@id\":\"https:\\\/\\\/elcabilo.com\\\/radio\\\/2013\\\/04\\\/14\\\/connectat-la-seguretat-al-facebook\\\/#organizationLogo\",\"width\":250,\"height\":50},\"image\":{\"@id\":\"https:\\\/\\\/elcabilo.com\\\/radio\\\/2013\\\/04\\\/14\\\/connectat-la-seguretat-al-facebook\\\/#organizationLogo\"}},{\"@type\":\"Person\",\"@id\":\"https:\\\/\\\/elcabilo.com\\\/radio\\\/author\\\/radio\\\/#author\",\"url\":\"https:\\\/\\\/elcabilo.com\\\/radio\\\/author\\\/radio\\\/\",\"name\":\"radio\",\"image\":{\"@type\":\"ImageObject\",\"@id\":\"https:\\\/\\\/elcabilo.com\\\/radio\\\/2013\\\/04\\\/14\\\/connectat-la-seguretat-al-facebook\\\/#authorImage\",\"url\":\"https:\\\/\\\/secure.gravatar.com\\\/avatar\\\/bb687b465db46b8e9255d0921cc346091032a91fe77f93721088d5decb8a2d1a?s=96&d=mm&r=g\",\"width\":96,\"height\":96,\"caption\":\"radio\"}},{\"@type\":\"WebPage\",\"@id\":\"https:\\\/\\\/elcabilo.com\\\/radio\\\/2013\\\/04\\\/14\\\/connectat-la-seguretat-al-facebook\\\/#webpage\",\"url\":\"https:\\\/\\\/elcabilo.com\\\/radio\\\/2013\\\/04\\\/14\\\/connectat-la-seguretat-al-facebook\\\/\",\"name\":\"Connecta\\u2019t \\u2013 La seguretat al Facebook - Cabil\\u00f3R\\u00e0dio\",\"description\":\"El programa de hui el dediquem a entrar, de forma molt breu, en alguns aspectes de la privacitat d\\u2019eixa xarxa social tant gastada: el Facebook. Connecta't - La seguretat al Facebookmap :: {skin:'blue', animate:true, width:'200', volume:0.6, autoplay:false, loop:false, showVolumeLevel:true, showTime:true, showRew:true, downloadable:true, downloadablesecurity:false, id3: false} Descarrega't ac\\u00ed el document per a seguir el programa.\",\"inLanguage\":\"ca\",\"isPartOf\":{\"@id\":\"https:\\\/\\\/elcabilo.com\\\/radio\\\/#website\"},\"breadcrumb\":{\"@id\":\"https:\\\/\\\/elcabilo.com\\\/radio\\\/2013\\\/04\\\/14\\\/connectat-la-seguretat-al-facebook\\\/#breadcrumblist\"},\"author\":{\"@id\":\"https:\\\/\\\/elcabilo.com\\\/radio\\\/author\\\/radio\\\/#author\"},\"creator\":{\"@id\":\"https:\\\/\\\/elcabilo.com\\\/radio\\\/author\\\/radio\\\/#author\"},\"image\":{\"@type\":\"ImageObject\",\"url\":\"https:\\\/\\\/elcabilo.com\\\/radio\\\/files\\\/2013\\\/04\\\/facebook-privacidad.jpg\",\"@id\":\"https:\\\/\\\/elcabilo.com\\\/radio\\\/2013\\\/04\\\/14\\\/connectat-la-seguretat-al-facebook\\\/#mainImage\",\"width\":985,\"height\":413},\"primaryImageOfPage\":{\"@id\":\"https:\\\/\\\/elcabilo.com\\\/radio\\\/2013\\\/04\\\/14\\\/connectat-la-seguretat-al-facebook\\\/#mainImage\"},\"datePublished\":\"2013-04-14T23:30:50+02:00\",\"dateModified\":\"2013-04-14T22:47:20+02:00\"},{\"@type\":\"WebSite\",\"@id\":\"https:\\\/\\\/elcabilo.com\\\/radio\\\/#website\",\"url\":\"https:\\\/\\\/elcabilo.com\\\/radio\\\/\",\"name\":\"Cabil\\u00f3 R\\u00e0dio\",\"description\":\"La r\\u00e0dio online de Sella\",\"inLanguage\":\"ca\",\"publisher\":{\"@id\":\"https:\\\/\\\/elcabilo.com\\\/radio\\\/#organization\"}}]}\n\t\t<\/script>\n\t\t<!-- All in One SEO -->\n\n","aioseo_head_json":{"title":"Connecta\u2019t \u2013 La seguretat al Facebook - Cabil\u00f3R\u00e0dio","description":"El programa de hui el dediquem a entrar, de forma molt breu, en alguns aspectes de la privacitat d\u2019eixa xarxa social tant gastada: el Facebook. Connecta't - La seguretat al Facebookmap :: {skin:'blue', animate:true, width:'200', volume:0.6, autoplay:false, loop:false, showVolumeLevel:true, showTime:true, showRew:true, downloadable:true, downloadablesecurity:false, id3: false} Descarrega't ac\u00ed el document per a seguir el programa.","canonical_url":"https:\/\/elcabilo.com\/radio\/2013\/04\/14\/connectat-la-seguretat-al-facebook\/","robots":"max-image-preview:large","keywords":"","webmasterTools":{"miscellaneous":""},"schema":{"@context":"https:\/\/schema.org","@graph":[{"@type":"BlogPosting","@id":"https:\/\/elcabilo.com\/radio\/2013\/04\/14\/connectat-la-seguretat-al-facebook\/#blogposting","name":"Connecta\u2019t \u2013 La seguretat al Facebook - Cabil\u00f3R\u00e0dio","headline":"Connecta&#8217;t &#8211; La seguretat al Facebook","author":{"@id":"https:\/\/elcabilo.com\/radio\/author\/radio\/#author"},"publisher":{"@id":"https:\/\/elcabilo.com\/radio\/#organization"},"image":{"@type":"ImageObject","url":"https:\/\/elcabilo.com\/radio\/files\/2013\/04\/facebook-privacidad.jpg","width":985,"height":413},"datePublished":"2013-04-14T23:30:50+02:00","dateModified":"2013-04-14T22:47:20+02:00","inLanguage":"ca","commentCount":9,"mainEntityOfPage":{"@id":"https:\/\/elcabilo.com\/radio\/2013\/04\/14\/connectat-la-seguretat-al-facebook\/#webpage"},"isPartOf":{"@id":"https:\/\/elcabilo.com\/radio\/2013\/04\/14\/connectat-la-seguretat-al-facebook\/#webpage"},"articleSection":"Connecta't"},{"@type":"BreadcrumbList","@id":"https:\/\/elcabilo.com\/radio\/2013\/04\/14\/connectat-la-seguretat-al-facebook\/#breadcrumblist","itemListElement":[{"@type":"ListItem","@id":"https:\/\/elcabilo.com\/radio#listItem","position":1,"name":"Home","item":"https:\/\/elcabilo.com\/radio","nextItem":{"@type":"ListItem","@id":"https:\/\/elcabilo.com\/radio\/category\/programes\/#listItem","name":"Programes"}},{"@type":"ListItem","@id":"https:\/\/elcabilo.com\/radio\/category\/programes\/#listItem","position":2,"name":"Programes","item":"https:\/\/elcabilo.com\/radio\/category\/programes\/","nextItem":{"@type":"ListItem","@id":"https:\/\/elcabilo.com\/radio\/category\/programes\/connectat\/#listItem","name":"Connecta't"},"previousItem":{"@type":"ListItem","@id":"https:\/\/elcabilo.com\/radio#listItem","name":"Home"}},{"@type":"ListItem","@id":"https:\/\/elcabilo.com\/radio\/category\/programes\/connectat\/#listItem","position":3,"name":"Connecta't","item":"https:\/\/elcabilo.com\/radio\/category\/programes\/connectat\/","nextItem":{"@type":"ListItem","@id":"https:\/\/elcabilo.com\/radio\/2013\/04\/14\/connectat-la-seguretat-al-facebook\/#listItem","name":"Connecta&#8217;t &#8211; La seguretat al Facebook"},"previousItem":{"@type":"ListItem","@id":"https:\/\/elcabilo.com\/radio\/category\/programes\/#listItem","name":"Programes"}},{"@type":"ListItem","@id":"https:\/\/elcabilo.com\/radio\/2013\/04\/14\/connectat-la-seguretat-al-facebook\/#listItem","position":4,"name":"Connecta&#8217;t &#8211; La seguretat al Facebook","previousItem":{"@type":"ListItem","@id":"https:\/\/elcabilo.com\/radio\/category\/programes\/connectat\/#listItem","name":"Connecta't"}}]},{"@type":"Organization","@id":"https:\/\/elcabilo.com\/radio\/#organization","name":"Cabil\u00f3 R\u00e0dio","description":"La r\u00e0dio online de Sella","url":"https:\/\/elcabilo.com\/radio\/","logo":{"@type":"ImageObject","url":"https:\/\/elcabilo.com\/radio\/files\/2023\/01\/cropped-logo_radio-1.gif","@id":"https:\/\/elcabilo.com\/radio\/2013\/04\/14\/connectat-la-seguretat-al-facebook\/#organizationLogo","width":250,"height":50},"image":{"@id":"https:\/\/elcabilo.com\/radio\/2013\/04\/14\/connectat-la-seguretat-al-facebook\/#organizationLogo"}},{"@type":"Person","@id":"https:\/\/elcabilo.com\/radio\/author\/radio\/#author","url":"https:\/\/elcabilo.com\/radio\/author\/radio\/","name":"radio","image":{"@type":"ImageObject","@id":"https:\/\/elcabilo.com\/radio\/2013\/04\/14\/connectat-la-seguretat-al-facebook\/#authorImage","url":"https:\/\/secure.gravatar.com\/avatar\/bb687b465db46b8e9255d0921cc346091032a91fe77f93721088d5decb8a2d1a?s=96&d=mm&r=g","width":96,"height":96,"caption":"radio"}},{"@type":"WebPage","@id":"https:\/\/elcabilo.com\/radio\/2013\/04\/14\/connectat-la-seguretat-al-facebook\/#webpage","url":"https:\/\/elcabilo.com\/radio\/2013\/04\/14\/connectat-la-seguretat-al-facebook\/","name":"Connecta\u2019t \u2013 La seguretat al Facebook - Cabil\u00f3R\u00e0dio","description":"El programa de hui el dediquem a entrar, de forma molt breu, en alguns aspectes de la privacitat d\u2019eixa xarxa social tant gastada: el Facebook. Connecta't - La seguretat al Facebookmap :: {skin:'blue', animate:true, width:'200', volume:0.6, autoplay:false, loop:false, showVolumeLevel:true, showTime:true, showRew:true, downloadable:true, downloadablesecurity:false, id3: false} Descarrega't ac\u00ed el document per a seguir el programa.","inLanguage":"ca","isPartOf":{"@id":"https:\/\/elcabilo.com\/radio\/#website"},"breadcrumb":{"@id":"https:\/\/elcabilo.com\/radio\/2013\/04\/14\/connectat-la-seguretat-al-facebook\/#breadcrumblist"},"author":{"@id":"https:\/\/elcabilo.com\/radio\/author\/radio\/#author"},"creator":{"@id":"https:\/\/elcabilo.com\/radio\/author\/radio\/#author"},"image":{"@type":"ImageObject","url":"https:\/\/elcabilo.com\/radio\/files\/2013\/04\/facebook-privacidad.jpg","@id":"https:\/\/elcabilo.com\/radio\/2013\/04\/14\/connectat-la-seguretat-al-facebook\/#mainImage","width":985,"height":413},"primaryImageOfPage":{"@id":"https:\/\/elcabilo.com\/radio\/2013\/04\/14\/connectat-la-seguretat-al-facebook\/#mainImage"},"datePublished":"2013-04-14T23:30:50+02:00","dateModified":"2013-04-14T22:47:20+02:00"},{"@type":"WebSite","@id":"https:\/\/elcabilo.com\/radio\/#website","url":"https:\/\/elcabilo.com\/radio\/","name":"Cabil\u00f3 R\u00e0dio","description":"La r\u00e0dio online de Sella","inLanguage":"ca","publisher":{"@id":"https:\/\/elcabilo.com\/radio\/#organization"}}]},"og:locale":"ca_ES","og:site_name":"Cabil\u00f3R\u00e0dio - La r\u00e0dio online de Sella","og:type":"article","og:title":"Connecta\u2019t \u2013 La seguretat al Facebook - Cabil\u00f3R\u00e0dio","og:description":"El programa de hui el dediquem a entrar, de forma molt breu, en alguns aspectes de la privacitat d\u2019eixa xarxa social tant gastada: el Facebook. Connecta't - La seguretat al Facebookmap :: {skin:'blue', animate:true, width:'200', volume:0.6, autoplay:false, loop:false, showVolumeLevel:true, showTime:true, showRew:true, downloadable:true, downloadablesecurity:false, id3: false} Descarrega't ac\u00ed el document per a seguir el programa.","og:url":"https:\/\/elcabilo.com\/radio\/2013\/04\/14\/connectat-la-seguretat-al-facebook\/","og:image":"https:\/\/elcabilo.com\/radio\/files\/2023\/01\/cropped-logo_radio-1.gif","og:image:secure_url":"https:\/\/elcabilo.com\/radio\/files\/2023\/01\/cropped-logo_radio-1.gif","article:published_time":"2013-04-14T21:30:50+00:00","article:modified_time":"2013-04-14T20:47:20+00:00","twitter:card":"summary_large_image","twitter:title":"Connecta\u2019t \u2013 La seguretat al Facebook - Cabil\u00f3R\u00e0dio","twitter:description":"El programa de hui el dediquem a entrar, de forma molt breu, en alguns aspectes de la privacitat d\u2019eixa xarxa social tant gastada: el Facebook. Connecta't - La seguretat al Facebookmap :: {skin:'blue', animate:true, width:'200', volume:0.6, autoplay:false, loop:false, showVolumeLevel:true, showTime:true, showRew:true, downloadable:true, downloadablesecurity:false, id3: false} Descarrega't ac\u00ed el document per a seguir el programa.","twitter:image":"https:\/\/elcabilo.com\/radio\/files\/2023\/01\/cropped-logo_radio-1.gif"},"aioseo_meta_data":{"post_id":"689","title":null,"description":null,"keywords":null,"keyphrases":null,"primary_term":null,"canonical_url":null,"og_title":null,"og_description":null,"og_object_type":"default","og_image_type":"default","og_image_url":null,"og_image_width":null,"og_image_height":null,"og_image_custom_url":null,"og_image_custom_fields":null,"og_video":null,"og_custom_url":null,"og_article_section":null,"og_article_tags":null,"twitter_use_og":false,"twitter_card":"default","twitter_image_type":"default","twitter_image_url":null,"twitter_image_custom_url":null,"twitter_image_custom_fields":null,"twitter_title":null,"twitter_description":null,"schema":{"blockGraphs":[],"customGraphs":[],"default":{"data":{"Article":[],"Course":[],"Dataset":[],"FAQPage":[],"Movie":[],"Person":[],"Product":[],"ProductReview":[],"Car":[],"Recipe":[],"Service":[],"SoftwareApplication":[],"WebPage":[]},"graphName":"","isEnabled":true},"graphs":[]},"schema_type":"default","schema_type_options":null,"pillar_content":false,"robots_default":true,"robots_noindex":false,"robots_noarchive":false,"robots_nosnippet":false,"robots_nofollow":false,"robots_noimageindex":false,"robots_noodp":false,"robots_notranslate":false,"robots_max_snippet":null,"robots_max_videopreview":null,"robots_max_imagepreview":"large","priority":null,"frequency":null,"local_seo":null,"breadcrumb_settings":null,"limit_modified_date":false,"ai":null,"created":"2023-01-27 22:04:58","updated":"2025-06-08 19:01:29","seo_analyzer_scan_date":null,"focus_keyword":null,"additional_keywords":null,"truseo_locale":null},"aioseo_breadcrumb":"<div class=\"aioseo-breadcrumbs\"><span class=\"aioseo-breadcrumb\">\n\t\t\t<a href=\"https:\/\/elcabilo.com\/radio\" title=\"Home\">Home<\/a>\n\t\t<\/span><span class=\"aioseo-breadcrumb-separator\">&raquo;<\/span><span class=\"aioseo-breadcrumb\">\n\t\t\t<a href=\"https:\/\/elcabilo.com\/radio\/category\/programes\/\" title=\"Programes\">Programes<\/a>\n\t\t<\/span><span class=\"aioseo-breadcrumb-separator\">&raquo;<\/span><span class=\"aioseo-breadcrumb\">\n\t\t\t<a href=\"https:\/\/elcabilo.com\/radio\/category\/programes\/connectat\/\" title=\"Connecta&apos;t\">Connecta't<\/a>\n\t\t<\/span><span class=\"aioseo-breadcrumb-separator\">&raquo;<\/span><span class=\"aioseo-breadcrumb\">\n\t\t\tConnecta\u2019t \u2013 La seguretat al Facebook\n\t\t<\/span><\/div>","aioseo_breadcrumb_json":[{"label":"Home","link":"https:\/\/elcabilo.com\/radio"},{"label":"Programes","link":"https:\/\/elcabilo.com\/radio\/category\/programes\/"},{"label":"Connecta't","link":"https:\/\/elcabilo.com\/radio\/category\/programes\/connectat\/"},{"label":"Connecta&#8217;t &#8211; La seguretat al Facebook","link":"https:\/\/elcabilo.com\/radio\/2013\/04\/14\/connectat-la-seguretat-al-facebook\/"}],"_links":{"self":[{"href":"https:\/\/elcabilo.com\/radio\/wp-json\/wp\/v2\/posts\/689","targetHints":{"allow":["GET"]}}],"collection":[{"href":"https:\/\/elcabilo.com\/radio\/wp-json\/wp\/v2\/posts"}],"about":[{"href":"https:\/\/elcabilo.com\/radio\/wp-json\/wp\/v2\/types\/post"}],"author":[{"embeddable":true,"href":"https:\/\/elcabilo.com\/radio\/wp-json\/wp\/v2\/users\/272"}],"replies":[{"embeddable":true,"href":"https:\/\/elcabilo.com\/radio\/wp-json\/wp\/v2\/comments?post=689"}],"version-history":[{"count":0,"href":"https:\/\/elcabilo.com\/radio\/wp-json\/wp\/v2\/posts\/689\/revisions"}],"wp:featuredmedia":[{"embeddable":true,"href":"https:\/\/elcabilo.com\/radio\/wp-json\/wp\/v2\/media\/693"}],"wp:attachment":[{"href":"https:\/\/elcabilo.com\/radio\/wp-json\/wp\/v2\/media?parent=689"}],"wp:term":[{"taxonomy":"category","embeddable":true,"href":"https:\/\/elcabilo.com\/radio\/wp-json\/wp\/v2\/categories?post=689"},{"taxonomy":"post_tag","embeddable":true,"href":"https:\/\/elcabilo.com\/radio\/wp-json\/wp\/v2\/tags?post=689"}],"curies":[{"name":"wp","href":"https:\/\/api.w.org\/{rel}","templated":true}]}}