{"id":722,"date":"2013-04-21T23:45:31","date_gmt":"2013-04-21T21:45:31","guid":{"rendered":"http:\/\/elcabilo.com\/radio\/?p=722"},"modified":"2013-04-21T22:37:04","modified_gmt":"2013-04-21T20:37:04","slug":"rebotins-3r-programa","status":"publish","type":"post","link":"https:\/\/elcabilo.com\/radio\/2013\/04\/21\/rebotins-3r-programa\/","title":{"rendered":"Rebotins &#8211; 3r programa"},"content":{"rendered":"<p style=\"text-align: justify;\">En el programa d\u2019aquest mes parlem sobre el sistema educatiu finland\u00e8s i sobre l\u2019Assemblea de Joves de la Marina Baixa, que ja s\u2019ha reunit per segona vegada i t\u00e9 algunes activitats a la vista. Finalment, acabem amb algunes propostes d\u2019inter\u00e9s per als joves de Sella.<\/p>\n<p style=\"text-align: center;\"><a class=\"{skin:'blue', animate:true, width:'200', volume:0.6, autoplay:false, loop:false, showVolumeLevel:true, showTime:true, showRew:true, downloadable:true, downloadablesecurity:false, id3: false}\" id=\"mbmaplayer_1366576367290\" href=\"http:\/\/archive.org\/download\/rebotins_abril_2013\/Rebotins_abril_13.mp3\">Rebotins &#8211; 3r programa<\/a><textarea class=\"map_params\" style=\"display: block; padding: 3px; background: #444; color: #fff; text-decoration: none;\" disabled=\"disabled\">map :: {skin:&#8217;blue&#8217;, animate:true, width:&#8217;200&#8242;, volume:0.6, autoplay:false, loop:false, showVolumeLevel:true, showTime:true, showRew:true, downloadable:true, downloadablesecurity:false, id3: false}<\/textarea><\/p>\n<p style=\"text-align: justify;\">Al polsar en<em> llegir m\u00e9s<\/em>, accedir\u00e0s als enlla\u00e7os d&#8217;inter\u00e9s.<\/p>\n<p><!--more--><\/p>\n<p>Enlla\u00e7os d\u2019inter\u00e9s:<\/p>\n<p>Cuesti\u00f3n de Educaci\u00f3n. Salvados <a href=\"http:\/\/www.lasexta.com\/videos\/salvados\/2013-febrero-3-2013020300007.html\">http:\/\/www.lasexta.com\/videos\/salvados\/2013-febrero-3-2013020300007.html<\/a><\/p>\n<p>Campaments d\u2019estiu IVAJ <a href=\"http:\/\/www.gvajove.es\/ivaj\/opencms\/IVAJ\/va\/tiempo\/actividades\/menu_campaments.html\">http:\/\/www.gvajove.es\/ivaj\/opencms\/IVAJ\/va\/tiempo\/actividades\/menu_campaments.html<\/a><\/p>\n<p>PROP Generalitat Valenciana <a href=\"http:\/\/www.gva.es\/va\/inicio\/atencion_ciudadano\/buscadores\">http:\/\/www.gva.es\/va\/inicio\/atencion_ciudadano\/buscadores<\/a><\/p>\n<p>M\u00fasica:<\/p>\n<p>\u201cAra que tinc 20 anys\u201d, Serrat<\/p>\n<p>\u201cA Real Hero\u201d, College &amp; Electric Youth<\/p>\n<p>\u201cCamins\u201d, Sopa de Cabra<\/p>\n<p>\u201cHo Podem Tot\u201d, Orxata Sound System<\/p>\n<p>\u201cLL\u00e9name de Veneno\u201d, La Pegatina<\/p>\n","protected":false},"excerpt":{"rendered":"<p>En el programa d\u2019aquest mes parlem sobre el sistema educatiu finland\u00e8s i sobre l\u2019Assemblea de Joves de la Marina Baixa, que ja s\u2019ha reunit per segona vegada i t\u00e9 algunes activitats a la vista. Finalment, acabem amb algunes propostes d\u2019inter\u00e9s per als joves de Sella. Rebotins &#8211; 3r programamap :: {skin:&#8217;blue&#8217;, animate:true, width:&#8217;200&#8242;, volume:0.6, autoplay:false, [&hellip;]<\/p>\n","protected":false},"author":272,"featured_media":340,"comment_status":"open","ping_status":"open","sticky":false,"template":"","format":"standard","meta":{"_exactmetrics_skip_tracking":false,"footnotes":""},"categories":[16],"tags":[],"class_list":["post-722","post","type-post","status-publish","format-standard","has-post-thumbnail","hentry","category-rebotins"],"aioseo_notices":[],"aioseo_head":"\n\t\t<!-- All in One SEO 5.0.1 - aioseo.com -->\n\t<meta name=\"description\" content=\"En el programa d\u2019aquest mes parlem sobre el sistema educatiu finland\u00e8s i sobre l\u2019Assemblea de Joves de la Marina Baixa, que ja s\u2019ha reunit per segona vegada i t\u00e9 algunes activitats a la vista. Finalment, acabem amb algunes propostes d\u2019inter\u00e9s per als joves de Sella. Rebotins - 3r programamap :: {skin:&#039;blue&#039;, animate:true, width:&#039;200&#039;, volume:0.6, autoplay:false,\" \/>\n\t<meta name=\"robots\" content=\"max-image-preview:large\" \/>\n\t<meta name=\"author\" content=\"radio\"\/>\n\t<link rel=\"canonical\" href=\"https:\/\/elcabilo.com\/radio\/2013\/04\/21\/rebotins-3r-programa\/\" \/>\n\t<meta name=\"generator\" content=\"All in One SEO (AIOSEO) 5.0.1\" \/>\n\t\t<meta property=\"og:locale\" content=\"ca_ES\" \/>\n\t\t<meta property=\"og:site_name\" content=\"Cabil\u00f3R\u00e0dio - La r\u00e0dio online de Sella\" \/>\n\t\t<meta property=\"og:type\" content=\"article\" \/>\n\t\t<meta property=\"og:title\" content=\"Rebotins \u2013 3r programa - Cabil\u00f3R\u00e0dio\" \/>\n\t\t<meta property=\"og:description\" content=\"En el programa d\u2019aquest mes parlem sobre el sistema educatiu finland\u00e8s i sobre l\u2019Assemblea de Joves de la Marina Baixa, que ja s\u2019ha reunit per segona vegada i t\u00e9 algunes activitats a la vista. Finalment, acabem amb algunes propostes d\u2019inter\u00e9s per als joves de Sella. Rebotins - 3r programamap :: {skin:&#039;blue&#039;, animate:true, width:&#039;200&#039;, volume:0.6, autoplay:false,\" \/>\n\t\t<meta property=\"og:url\" content=\"https:\/\/elcabilo.com\/radio\/2013\/04\/21\/rebotins-3r-programa\/\" \/>\n\t\t<meta property=\"og:image\" content=\"https:\/\/elcabilo.com\/radio\/files\/2023\/01\/cropped-logo_radio-1.gif\" \/>\n\t\t<meta property=\"og:image:secure_url\" content=\"https:\/\/elcabilo.com\/radio\/files\/2023\/01\/cropped-logo_radio-1.gif\" \/>\n\t\t<meta property=\"article:published_time\" content=\"2013-04-21T21:45:31+00:00\" \/>\n\t\t<meta property=\"article:modified_time\" content=\"2013-04-21T20:37:04+00:00\" \/>\n\t\t<meta name=\"twitter:card\" content=\"summary_large_image\" \/>\n\t\t<meta name=\"twitter:title\" content=\"Rebotins \u2013 3r programa - Cabil\u00f3R\u00e0dio\" \/>\n\t\t<meta name=\"twitter:description\" content=\"En el programa d\u2019aquest mes parlem sobre el sistema educatiu finland\u00e8s i sobre l\u2019Assemblea de Joves de la Marina Baixa, que ja s\u2019ha reunit per segona vegada i t\u00e9 algunes activitats a la vista. Finalment, acabem amb algunes propostes d\u2019inter\u00e9s per als joves de Sella. Rebotins - 3r programamap :: {skin:&#039;blue&#039;, animate:true, width:&#039;200&#039;, volume:0.6, autoplay:false,\" \/>\n\t\t<meta name=\"twitter:image\" content=\"https:\/\/elcabilo.com\/radio\/files\/2023\/01\/cropped-logo_radio-1.gif\" \/>\n\t\t<script type=\"application\/ld+json\" class=\"aioseo-schema\">\n\t\t\t{\"@context\":\"https:\\\/\\\/schema.org\",\"@graph\":[{\"@type\":\"BlogPosting\",\"@id\":\"https:\\\/\\\/elcabilo.com\\\/radio\\\/2013\\\/04\\\/21\\\/rebotins-3r-programa\\\/#blogposting\",\"name\":\"Rebotins \\u2013 3r programa - Cabil\\u00f3R\\u00e0dio\",\"headline\":\"Rebotins &#8211; 3r programa\",\"author\":{\"@id\":\"https:\\\/\\\/elcabilo.com\\\/radio\\\/author\\\/radio\\\/#author\"},\"publisher\":{\"@id\":\"https:\\\/\\\/elcabilo.com\\\/radio\\\/#organization\"},\"image\":{\"@type\":\"ImageObject\",\"url\":\"https:\\\/\\\/elcabilo.com\\\/radio\\\/files\\\/2013\\\/01\\\/rebotins_fons.jpg\",\"width\":900,\"height\":300},\"datePublished\":\"2013-04-21T23:45:31+02:00\",\"dateModified\":\"2013-04-21T22:37:04+02:00\",\"inLanguage\":\"ca\",\"commentCount\":6,\"mainEntityOfPage\":{\"@id\":\"https:\\\/\\\/elcabilo.com\\\/radio\\\/2013\\\/04\\\/21\\\/rebotins-3r-programa\\\/#webpage\"},\"isPartOf\":{\"@id\":\"https:\\\/\\\/elcabilo.com\\\/radio\\\/2013\\\/04\\\/21\\\/rebotins-3r-programa\\\/#webpage\"},\"articleSection\":\"Rebotins\"},{\"@type\":\"BreadcrumbList\",\"@id\":\"https:\\\/\\\/elcabilo.com\\\/radio\\\/2013\\\/04\\\/21\\\/rebotins-3r-programa\\\/#breadcrumblist\",\"itemListElement\":[{\"@type\":\"ListItem\",\"@id\":\"https:\\\/\\\/elcabilo.com\\\/radio#listItem\",\"position\":1,\"name\":\"Home\",\"item\":\"https:\\\/\\\/elcabilo.com\\\/radio\",\"nextItem\":{\"@type\":\"ListItem\",\"@id\":\"https:\\\/\\\/elcabilo.com\\\/radio\\\/category\\\/programes\\\/#listItem\",\"name\":\"Programes\"}},{\"@type\":\"ListItem\",\"@id\":\"https:\\\/\\\/elcabilo.com\\\/radio\\\/category\\\/programes\\\/#listItem\",\"position\":2,\"name\":\"Programes\",\"item\":\"https:\\\/\\\/elcabilo.com\\\/radio\\\/category\\\/programes\\\/\",\"nextItem\":{\"@type\":\"ListItem\",\"@id\":\"https:\\\/\\\/elcabilo.com\\\/radio\\\/category\\\/programes\\\/rebotins\\\/#listItem\",\"name\":\"Rebotins\"},\"previousItem\":{\"@type\":\"ListItem\",\"@id\":\"https:\\\/\\\/elcabilo.com\\\/radio#listItem\",\"name\":\"Home\"}},{\"@type\":\"ListItem\",\"@id\":\"https:\\\/\\\/elcabilo.com\\\/radio\\\/category\\\/programes\\\/rebotins\\\/#listItem\",\"position\":3,\"name\":\"Rebotins\",\"item\":\"https:\\\/\\\/elcabilo.com\\\/radio\\\/category\\\/programes\\\/rebotins\\\/\",\"nextItem\":{\"@type\":\"ListItem\",\"@id\":\"https:\\\/\\\/elcabilo.com\\\/radio\\\/2013\\\/04\\\/21\\\/rebotins-3r-programa\\\/#listItem\",\"name\":\"Rebotins &#8211; 3r programa\"},\"previousItem\":{\"@type\":\"ListItem\",\"@id\":\"https:\\\/\\\/elcabilo.com\\\/radio\\\/category\\\/programes\\\/#listItem\",\"name\":\"Programes\"}},{\"@type\":\"ListItem\",\"@id\":\"https:\\\/\\\/elcabilo.com\\\/radio\\\/2013\\\/04\\\/21\\\/rebotins-3r-programa\\\/#listItem\",\"position\":4,\"name\":\"Rebotins &#8211; 3r programa\",\"previousItem\":{\"@type\":\"ListItem\",\"@id\":\"https:\\\/\\\/elcabilo.com\\\/radio\\\/category\\\/programes\\\/rebotins\\\/#listItem\",\"name\":\"Rebotins\"}}]},{\"@type\":\"Organization\",\"@id\":\"https:\\\/\\\/elcabilo.com\\\/radio\\\/#organization\",\"name\":\"Cabil\\u00f3 R\\u00e0dio\",\"description\":\"La r\\u00e0dio online de Sella\",\"url\":\"https:\\\/\\\/elcabilo.com\\\/radio\\\/\",\"logo\":{\"@type\":\"ImageObject\",\"url\":\"https:\\\/\\\/elcabilo.com\\\/radio\\\/files\\\/2023\\\/01\\\/cropped-logo_radio-1.gif\",\"@id\":\"https:\\\/\\\/elcabilo.com\\\/radio\\\/2013\\\/04\\\/21\\\/rebotins-3r-programa\\\/#organizationLogo\",\"width\":250,\"height\":50},\"image\":{\"@id\":\"https:\\\/\\\/elcabilo.com\\\/radio\\\/2013\\\/04\\\/21\\\/rebotins-3r-programa\\\/#organizationLogo\"}},{\"@type\":\"Person\",\"@id\":\"https:\\\/\\\/elcabilo.com\\\/radio\\\/author\\\/radio\\\/#author\",\"url\":\"https:\\\/\\\/elcabilo.com\\\/radio\\\/author\\\/radio\\\/\",\"name\":\"radio\",\"image\":{\"@type\":\"ImageObject\",\"@id\":\"https:\\\/\\\/elcabilo.com\\\/radio\\\/2013\\\/04\\\/21\\\/rebotins-3r-programa\\\/#authorImage\",\"url\":\"https:\\\/\\\/secure.gravatar.com\\\/avatar\\\/bb687b465db46b8e9255d0921cc346091032a91fe77f93721088d5decb8a2d1a?s=96&d=mm&r=g\",\"width\":96,\"height\":96,\"caption\":\"radio\"}},{\"@type\":\"WebPage\",\"@id\":\"https:\\\/\\\/elcabilo.com\\\/radio\\\/2013\\\/04\\\/21\\\/rebotins-3r-programa\\\/#webpage\",\"url\":\"https:\\\/\\\/elcabilo.com\\\/radio\\\/2013\\\/04\\\/21\\\/rebotins-3r-programa\\\/\",\"name\":\"Rebotins \\u2013 3r programa - Cabil\\u00f3R\\u00e0dio\",\"description\":\"En el programa d\\u2019aquest mes parlem sobre el sistema educatiu finland\\u00e8s i sobre l\\u2019Assemblea de Joves de la Marina Baixa, que ja s\\u2019ha reunit per segona vegada i t\\u00e9 algunes activitats a la vista. Finalment, acabem amb algunes propostes d\\u2019inter\\u00e9s per als joves de Sella. Rebotins - 3r programamap :: {skin:'blue', animate:true, width:'200', volume:0.6, autoplay:false,\",\"inLanguage\":\"ca\",\"isPartOf\":{\"@id\":\"https:\\\/\\\/elcabilo.com\\\/radio\\\/#website\"},\"breadcrumb\":{\"@id\":\"https:\\\/\\\/elcabilo.com\\\/radio\\\/2013\\\/04\\\/21\\\/rebotins-3r-programa\\\/#breadcrumblist\"},\"author\":{\"@id\":\"https:\\\/\\\/elcabilo.com\\\/radio\\\/author\\\/radio\\\/#author\"},\"creator\":{\"@id\":\"https:\\\/\\\/elcabilo.com\\\/radio\\\/author\\\/radio\\\/#author\"},\"image\":{\"@type\":\"ImageObject\",\"url\":\"https:\\\/\\\/elcabilo.com\\\/radio\\\/files\\\/2013\\\/01\\\/rebotins_fons.jpg\",\"@id\":\"https:\\\/\\\/elcabilo.com\\\/radio\\\/2013\\\/04\\\/21\\\/rebotins-3r-programa\\\/#mainImage\",\"width\":900,\"height\":300},\"primaryImageOfPage\":{\"@id\":\"https:\\\/\\\/elcabilo.com\\\/radio\\\/2013\\\/04\\\/21\\\/rebotins-3r-programa\\\/#mainImage\"},\"datePublished\":\"2013-04-21T23:45:31+02:00\",\"dateModified\":\"2013-04-21T22:37:04+02:00\"},{\"@type\":\"WebSite\",\"@id\":\"https:\\\/\\\/elcabilo.com\\\/radio\\\/#website\",\"url\":\"https:\\\/\\\/elcabilo.com\\\/radio\\\/\",\"name\":\"Cabil\\u00f3 R\\u00e0dio\",\"description\":\"La r\\u00e0dio online de Sella\",\"inLanguage\":\"ca\",\"publisher\":{\"@id\":\"https:\\\/\\\/elcabilo.com\\\/radio\\\/#organization\"}}]}\n\t\t<\/script>\n\t\t<!-- All in One SEO -->\n\n","aioseo_head_json":{"title":"Rebotins \u2013 3r programa - Cabil\u00f3R\u00e0dio","description":"En el programa d\u2019aquest mes parlem sobre el sistema educatiu finland\u00e8s i sobre l\u2019Assemblea de Joves de la Marina Baixa, que ja s\u2019ha reunit per segona vegada i t\u00e9 algunes activitats a la vista. Finalment, acabem amb algunes propostes d\u2019inter\u00e9s per als joves de Sella. Rebotins - 3r programamap :: {skin:'blue', animate:true, width:'200', volume:0.6, autoplay:false,","canonical_url":"https:\/\/elcabilo.com\/radio\/2013\/04\/21\/rebotins-3r-programa\/","robots":"max-image-preview:large","keywords":"","webmasterTools":{"miscellaneous":""},"schema":{"@context":"https:\/\/schema.org","@graph":[{"@type":"BlogPosting","@id":"https:\/\/elcabilo.com\/radio\/2013\/04\/21\/rebotins-3r-programa\/#blogposting","name":"Rebotins \u2013 3r programa - Cabil\u00f3R\u00e0dio","headline":"Rebotins &#8211; 3r programa","author":{"@id":"https:\/\/elcabilo.com\/radio\/author\/radio\/#author"},"publisher":{"@id":"https:\/\/elcabilo.com\/radio\/#organization"},"image":{"@type":"ImageObject","url":"https:\/\/elcabilo.com\/radio\/files\/2013\/01\/rebotins_fons.jpg","width":900,"height":300},"datePublished":"2013-04-21T23:45:31+02:00","dateModified":"2013-04-21T22:37:04+02:00","inLanguage":"ca","commentCount":6,"mainEntityOfPage":{"@id":"https:\/\/elcabilo.com\/radio\/2013\/04\/21\/rebotins-3r-programa\/#webpage"},"isPartOf":{"@id":"https:\/\/elcabilo.com\/radio\/2013\/04\/21\/rebotins-3r-programa\/#webpage"},"articleSection":"Rebotins"},{"@type":"BreadcrumbList","@id":"https:\/\/elcabilo.com\/radio\/2013\/04\/21\/rebotins-3r-programa\/#breadcrumblist","itemListElement":[{"@type":"ListItem","@id":"https:\/\/elcabilo.com\/radio#listItem","position":1,"name":"Home","item":"https:\/\/elcabilo.com\/radio","nextItem":{"@type":"ListItem","@id":"https:\/\/elcabilo.com\/radio\/category\/programes\/#listItem","name":"Programes"}},{"@type":"ListItem","@id":"https:\/\/elcabilo.com\/radio\/category\/programes\/#listItem","position":2,"name":"Programes","item":"https:\/\/elcabilo.com\/radio\/category\/programes\/","nextItem":{"@type":"ListItem","@id":"https:\/\/elcabilo.com\/radio\/category\/programes\/rebotins\/#listItem","name":"Rebotins"},"previousItem":{"@type":"ListItem","@id":"https:\/\/elcabilo.com\/radio#listItem","name":"Home"}},{"@type":"ListItem","@id":"https:\/\/elcabilo.com\/radio\/category\/programes\/rebotins\/#listItem","position":3,"name":"Rebotins","item":"https:\/\/elcabilo.com\/radio\/category\/programes\/rebotins\/","nextItem":{"@type":"ListItem","@id":"https:\/\/elcabilo.com\/radio\/2013\/04\/21\/rebotins-3r-programa\/#listItem","name":"Rebotins &#8211; 3r programa"},"previousItem":{"@type":"ListItem","@id":"https:\/\/elcabilo.com\/radio\/category\/programes\/#listItem","name":"Programes"}},{"@type":"ListItem","@id":"https:\/\/elcabilo.com\/radio\/2013\/04\/21\/rebotins-3r-programa\/#listItem","position":4,"name":"Rebotins &#8211; 3r programa","previousItem":{"@type":"ListItem","@id":"https:\/\/elcabilo.com\/radio\/category\/programes\/rebotins\/#listItem","name":"Rebotins"}}]},{"@type":"Organization","@id":"https:\/\/elcabilo.com\/radio\/#organization","name":"Cabil\u00f3 R\u00e0dio","description":"La r\u00e0dio online de Sella","url":"https:\/\/elcabilo.com\/radio\/","logo":{"@type":"ImageObject","url":"https:\/\/elcabilo.com\/radio\/files\/2023\/01\/cropped-logo_radio-1.gif","@id":"https:\/\/elcabilo.com\/radio\/2013\/04\/21\/rebotins-3r-programa\/#organizationLogo","width":250,"height":50},"image":{"@id":"https:\/\/elcabilo.com\/radio\/2013\/04\/21\/rebotins-3r-programa\/#organizationLogo"}},{"@type":"Person","@id":"https:\/\/elcabilo.com\/radio\/author\/radio\/#author","url":"https:\/\/elcabilo.com\/radio\/author\/radio\/","name":"radio","image":{"@type":"ImageObject","@id":"https:\/\/elcabilo.com\/radio\/2013\/04\/21\/rebotins-3r-programa\/#authorImage","url":"https:\/\/secure.gravatar.com\/avatar\/bb687b465db46b8e9255d0921cc346091032a91fe77f93721088d5decb8a2d1a?s=96&d=mm&r=g","width":96,"height":96,"caption":"radio"}},{"@type":"WebPage","@id":"https:\/\/elcabilo.com\/radio\/2013\/04\/21\/rebotins-3r-programa\/#webpage","url":"https:\/\/elcabilo.com\/radio\/2013\/04\/21\/rebotins-3r-programa\/","name":"Rebotins \u2013 3r programa - Cabil\u00f3R\u00e0dio","description":"En el programa d\u2019aquest mes parlem sobre el sistema educatiu finland\u00e8s i sobre l\u2019Assemblea de Joves de la Marina Baixa, que ja s\u2019ha reunit per segona vegada i t\u00e9 algunes activitats a la vista. Finalment, acabem amb algunes propostes d\u2019inter\u00e9s per als joves de Sella. Rebotins - 3r programamap :: {skin:'blue', animate:true, width:'200', volume:0.6, autoplay:false,","inLanguage":"ca","isPartOf":{"@id":"https:\/\/elcabilo.com\/radio\/#website"},"breadcrumb":{"@id":"https:\/\/elcabilo.com\/radio\/2013\/04\/21\/rebotins-3r-programa\/#breadcrumblist"},"author":{"@id":"https:\/\/elcabilo.com\/radio\/author\/radio\/#author"},"creator":{"@id":"https:\/\/elcabilo.com\/radio\/author\/radio\/#author"},"image":{"@type":"ImageObject","url":"https:\/\/elcabilo.com\/radio\/files\/2013\/01\/rebotins_fons.jpg","@id":"https:\/\/elcabilo.com\/radio\/2013\/04\/21\/rebotins-3r-programa\/#mainImage","width":900,"height":300},"primaryImageOfPage":{"@id":"https:\/\/elcabilo.com\/radio\/2013\/04\/21\/rebotins-3r-programa\/#mainImage"},"datePublished":"2013-04-21T23:45:31+02:00","dateModified":"2013-04-21T22:37:04+02:00"},{"@type":"WebSite","@id":"https:\/\/elcabilo.com\/radio\/#website","url":"https:\/\/elcabilo.com\/radio\/","name":"Cabil\u00f3 R\u00e0dio","description":"La r\u00e0dio online de Sella","inLanguage":"ca","publisher":{"@id":"https:\/\/elcabilo.com\/radio\/#organization"}}]},"og:locale":"ca_ES","og:site_name":"Cabil\u00f3R\u00e0dio - La r\u00e0dio online de Sella","og:type":"article","og:title":"Rebotins \u2013 3r programa - Cabil\u00f3R\u00e0dio","og:description":"En el programa d\u2019aquest mes parlem sobre el sistema educatiu finland\u00e8s i sobre l\u2019Assemblea de Joves de la Marina Baixa, que ja s\u2019ha reunit per segona vegada i t\u00e9 algunes activitats a la vista. Finalment, acabem amb algunes propostes d\u2019inter\u00e9s per als joves de Sella. Rebotins - 3r programamap :: {skin:'blue', animate:true, width:'200', volume:0.6, autoplay:false,","og:url":"https:\/\/elcabilo.com\/radio\/2013\/04\/21\/rebotins-3r-programa\/","og:image":"https:\/\/elcabilo.com\/radio\/files\/2023\/01\/cropped-logo_radio-1.gif","og:image:secure_url":"https:\/\/elcabilo.com\/radio\/files\/2023\/01\/cropped-logo_radio-1.gif","article:published_time":"2013-04-21T21:45:31+00:00","article:modified_time":"2013-04-21T20:37:04+00:00","twitter:card":"summary_large_image","twitter:title":"Rebotins \u2013 3r programa - Cabil\u00f3R\u00e0dio","twitter:description":"En el programa d\u2019aquest mes parlem sobre el sistema educatiu finland\u00e8s i sobre l\u2019Assemblea de Joves de la Marina Baixa, que ja s\u2019ha reunit per segona vegada i t\u00e9 algunes activitats a la vista. Finalment, acabem amb algunes propostes d\u2019inter\u00e9s per als joves de Sella. Rebotins - 3r programamap :: {skin:'blue', animate:true, width:'200', volume:0.6, autoplay:false,","twitter:image":"https:\/\/elcabilo.com\/radio\/files\/2023\/01\/cropped-logo_radio-1.gif"},"aioseo_meta_data":{"post_id":"722","title":null,"description":null,"keywords":null,"keyphrases":null,"primary_term":null,"canonical_url":null,"og_title":null,"og_description":null,"og_object_type":"default","og_image_type":"default","og_image_url":null,"og_image_width":null,"og_image_height":null,"og_image_custom_url":null,"og_image_custom_fields":null,"og_video":null,"og_custom_url":null,"og_article_section":null,"og_article_tags":null,"twitter_use_og":false,"twitter_card":"default","twitter_image_type":"default","twitter_image_url":null,"twitter_image_custom_url":null,"twitter_image_custom_fields":null,"twitter_title":null,"twitter_description":null,"schema":{"blockGraphs":[],"customGraphs":[],"default":{"data":{"Article":[],"Course":[],"Dataset":[],"FAQPage":[],"Movie":[],"Person":[],"Product":[],"ProductReview":[],"Car":[],"Recipe":[],"Service":[],"SoftwareApplication":[],"WebPage":[]},"graphName":"","isEnabled":true},"graphs":[]},"schema_type":"default","schema_type_options":null,"pillar_content":false,"robots_default":true,"robots_noindex":false,"robots_noarchive":false,"robots_nosnippet":false,"robots_nofollow":false,"robots_noimageindex":false,"robots_noodp":false,"robots_notranslate":false,"robots_max_snippet":null,"robots_max_videopreview":null,"robots_max_imagepreview":"large","priority":null,"frequency":null,"local_seo":null,"breadcrumb_settings":null,"limit_modified_date":false,"ai":null,"created":"2023-01-27 22:06:01","updated":"2025-06-08 19:02:25","seo_analyzer_scan_date":null,"focus_keyword":null,"additional_keywords":null,"truseo_locale":null},"aioseo_breadcrumb":"<div class=\"aioseo-breadcrumbs\"><span class=\"aioseo-breadcrumb\">\n\t\t\t<a href=\"https:\/\/elcabilo.com\/radio\" title=\"Home\">Home<\/a>\n\t\t<\/span><span class=\"aioseo-breadcrumb-separator\">&raquo;<\/span><span class=\"aioseo-breadcrumb\">\n\t\t\t<a href=\"https:\/\/elcabilo.com\/radio\/category\/programes\/\" title=\"Programes\">Programes<\/a>\n\t\t<\/span><span class=\"aioseo-breadcrumb-separator\">&raquo;<\/span><span class=\"aioseo-breadcrumb\">\n\t\t\t<a href=\"https:\/\/elcabilo.com\/radio\/category\/programes\/rebotins\/\" title=\"Rebotins\">Rebotins<\/a>\n\t\t<\/span><span class=\"aioseo-breadcrumb-separator\">&raquo;<\/span><span class=\"aioseo-breadcrumb\">\n\t\t\tRebotins \u2013 3r programa\n\t\t<\/span><\/div>","aioseo_breadcrumb_json":[{"label":"Home","link":"https:\/\/elcabilo.com\/radio"},{"label":"Programes","link":"https:\/\/elcabilo.com\/radio\/category\/programes\/"},{"label":"Rebotins","link":"https:\/\/elcabilo.com\/radio\/category\/programes\/rebotins\/"},{"label":"Rebotins &#8211; 3r programa","link":"https:\/\/elcabilo.com\/radio\/2013\/04\/21\/rebotins-3r-programa\/"}],"_links":{"self":[{"href":"https:\/\/elcabilo.com\/radio\/wp-json\/wp\/v2\/posts\/722","targetHints":{"allow":["GET"]}}],"collection":[{"href":"https:\/\/elcabilo.com\/radio\/wp-json\/wp\/v2\/posts"}],"about":[{"href":"https:\/\/elcabilo.com\/radio\/wp-json\/wp\/v2\/types\/post"}],"author":[{"embeddable":true,"href":"https:\/\/elcabilo.com\/radio\/wp-json\/wp\/v2\/users\/272"}],"replies":[{"embeddable":true,"href":"https:\/\/elcabilo.com\/radio\/wp-json\/wp\/v2\/comments?post=722"}],"version-history":[{"count":0,"href":"https:\/\/elcabilo.com\/radio\/wp-json\/wp\/v2\/posts\/722\/revisions"}],"wp:featuredmedia":[{"embeddable":true,"href":"https:\/\/elcabilo.com\/radio\/wp-json\/wp\/v2\/media\/340"}],"wp:attachment":[{"href":"https:\/\/elcabilo.com\/radio\/wp-json\/wp\/v2\/media?parent=722"}],"wp:term":[{"taxonomy":"category","embeddable":true,"href":"https:\/\/elcabilo.com\/radio\/wp-json\/wp\/v2\/categories?post=722"},{"taxonomy":"post_tag","embeddable":true,"href":"https:\/\/elcabilo.com\/radio\/wp-json\/wp\/v2\/tags?post=722"}],"curies":[{"name":"wp","href":"https:\/\/api.w.org\/{rel}","templated":true}]}}