{"id":820,"date":"2013-05-28T00:00:21","date_gmt":"2013-05-27T22:00:21","guid":{"rendered":"http:\/\/elcabilo.com\/radio\/?p=820"},"modified":"2013-05-28T07:19:11","modified_gmt":"2013-05-28T05:19:11","slug":"concert-de-la-unio-musical-laurora-a-valencia","status":"publish","type":"post","link":"https:\/\/elcabilo.com\/radio\/2013\/05\/28\/concert-de-la-unio-musical-laurora-a-valencia\/","title":{"rendered":"Concert de la Uni\u00f3 Musical L&#8217;Aurora a Val\u00e8ncia"},"content":{"rendered":"<p style=\"text-align: justify;\">Cabil\u00f3 R\u00e0dio va estar al concert de la Uni\u00f3 Musical L&#8217;Aurora de Sella al Palau de les Arts Reina Sofia de Val\u00e8ncia, el passat 25 de maig.<\/p>\n<p style=\"text-align: justify;\">Si no vas poder acompanyar la teua banda o vols tornar \u00a0a sentir el concert, l&#8217;emitim complet:<\/p>\n<p style=\"text-align: center;\"><a class=\"{skin:'blue', animate:true, width:'200', volume:0.6, autoplay:false, loop:false, showVolumeLevel:true, showTime:true, showRew:true, downloadable:true, downloadablesecurity:false, id3: false}\" id=\"mbmaplayer_1369688321040\" href=\"http:\/\/archive.org\/download\/bandes_arts_sella_13\/concert_umlaurora_valencia.mp3\">Concert al II Cicle de Bandes a les Arts<\/a><textarea class=\"map_params\" style=\"display: block; padding: 3px; background: #444; color: #fff; text-decoration: none;\" disabled=\"disabled\">map :: {skin:&#8217;blue&#8217;, animate:true, width:&#8217;200&#8242;, volume:0.6, autoplay:false, loop:false, showVolumeLevel:true, showTime:true, showRew:true, downloadable:true, downloadablesecurity:false, id3: false}<\/textarea><\/p>\n<p>Programa:<\/p>\n<div align=\"center\">\n<div align=\"center\"><center><\/p>\n<table border=\"0\">\n<tbody>\n<tr>\n<td width=\"250\">Juanito Segu\u00ed (Jos\u00e9 V. Asensi Seva)<br \/>\nEl Arca de No\u00e9 (Oscar Navarro)<br \/>\nTrips (Oscar Navarro)<br \/>\nLes Noces de Llibertat (Armando Blanquer)<\/td>\n<td>00:00<br \/>\n06:23<br \/>\n25:56<br \/>\n39:26<\/td>\n<\/tr>\n<\/tbody>\n<\/table>\n<p style=\"text-align: justify;\"><span style=\"text-align: justify; font-size: 13px; line-height: 19px;\">Direcci\u00f3: Miquel Morales Climent<\/span><\/p>\n<p><\/center><\/div>\n<\/div>\n","protected":false},"excerpt":{"rendered":"<p>Cabil\u00f3 R\u00e0dio va estar al concert de la Uni\u00f3 Musical L&#8217;Aurora de Sella al Palau de les Arts Reina Sofia de Val\u00e8ncia, el passat 25 de maig. Si no vas poder acompanyar la teua banda o vols tornar \u00a0a sentir el concert, l&#8217;emitim complet: Concert al II Cicle de Bandes a les Artsmap :: {skin:&#8217;blue&#8217;, [&hellip;]<\/p>\n","protected":false},"author":272,"featured_media":821,"comment_status":"open","ping_status":"open","sticky":false,"template":"","format":"standard","meta":{"_exactmetrics_skip_tracking":false,"footnotes":""},"categories":[15],"tags":[],"class_list":["post-820","post","type-post","status-publish","format-standard","has-post-thumbnail","hentry","category-la-coveta-dels-somnis"],"aioseo_notices":[],"aioseo_head":"\n\t\t<!-- All in One SEO 5.0.1 - aioseo.com -->\n\t<meta name=\"description\" content=\"Cabil\u00f3 R\u00e0dio va estar al concert de la Uni\u00f3 Musical L&#039;Aurora de Sella al Palau de les Arts Reina Sofia de Val\u00e8ncia, el passat 25 de maig. Si no vas poder acompanyar la teua banda o vols tornar a sentir el concert, l&#039;emitim complet: Concert al II Cicle de Bandes a les Artsmap :: {skin:&#039;blue&#039;,\" \/>\n\t<meta name=\"robots\" content=\"max-image-preview:large\" \/>\n\t<meta name=\"author\" content=\"radio\"\/>\n\t<link rel=\"canonical\" href=\"https:\/\/elcabilo.com\/radio\/2013\/05\/28\/concert-de-la-unio-musical-laurora-a-valencia\/\" \/>\n\t<meta name=\"generator\" content=\"All in One SEO (AIOSEO) 5.0.1\" \/>\n\t\t<meta property=\"og:locale\" content=\"ca_ES\" \/>\n\t\t<meta property=\"og:site_name\" content=\"Cabil\u00f3R\u00e0dio - La r\u00e0dio online de Sella\" \/>\n\t\t<meta property=\"og:type\" content=\"article\" \/>\n\t\t<meta property=\"og:title\" content=\"Concert de la Uni\u00f3 Musical L\u2019Aurora a Val\u00e8ncia - Cabil\u00f3R\u00e0dio\" \/>\n\t\t<meta property=\"og:description\" content=\"Cabil\u00f3 R\u00e0dio va estar al concert de la Uni\u00f3 Musical L&#039;Aurora de Sella al Palau de les Arts Reina Sofia de Val\u00e8ncia, el passat 25 de maig. Si no vas poder acompanyar la teua banda o vols tornar a sentir el concert, l&#039;emitim complet: Concert al II Cicle de Bandes a les Artsmap :: {skin:&#039;blue&#039;,\" \/>\n\t\t<meta property=\"og:url\" content=\"https:\/\/elcabilo.com\/radio\/2013\/05\/28\/concert-de-la-unio-musical-laurora-a-valencia\/\" \/>\n\t\t<meta property=\"og:image\" content=\"https:\/\/elcabilo.com\/radio\/files\/2023\/01\/cropped-logo_radio-1.gif\" \/>\n\t\t<meta property=\"og:image:secure_url\" content=\"https:\/\/elcabilo.com\/radio\/files\/2023\/01\/cropped-logo_radio-1.gif\" \/>\n\t\t<meta property=\"article:published_time\" content=\"2013-05-27T22:00:21+00:00\" \/>\n\t\t<meta property=\"article:modified_time\" content=\"2013-05-28T05:19:11+00:00\" \/>\n\t\t<meta name=\"twitter:card\" content=\"summary_large_image\" \/>\n\t\t<meta name=\"twitter:title\" content=\"Concert de la Uni\u00f3 Musical L\u2019Aurora a Val\u00e8ncia - Cabil\u00f3R\u00e0dio\" \/>\n\t\t<meta name=\"twitter:description\" content=\"Cabil\u00f3 R\u00e0dio va estar al concert de la Uni\u00f3 Musical L&#039;Aurora de Sella al Palau de les Arts Reina Sofia de Val\u00e8ncia, el passat 25 de maig. Si no vas poder acompanyar la teua banda o vols tornar a sentir el concert, l&#039;emitim complet: Concert al II Cicle de Bandes a les Artsmap :: {skin:&#039;blue&#039;,\" \/>\n\t\t<meta name=\"twitter:image\" content=\"https:\/\/elcabilo.com\/radio\/files\/2023\/01\/cropped-logo_radio-1.gif\" \/>\n\t\t<script type=\"application\/ld+json\" class=\"aioseo-schema\">\n\t\t\t{\"@context\":\"https:\\\/\\\/schema.org\",\"@graph\":[{\"@type\":\"BlogPosting\",\"@id\":\"https:\\\/\\\/elcabilo.com\\\/radio\\\/2013\\\/05\\\/28\\\/concert-de-la-unio-musical-laurora-a-valencia\\\/#blogposting\",\"name\":\"Concert de la Uni\\u00f3 Musical L\\u2019Aurora a Val\\u00e8ncia - Cabil\\u00f3R\\u00e0dio\",\"headline\":\"Concert de la Uni\\u00f3 Musical L&#8217;Aurora a Val\\u00e8ncia\",\"author\":{\"@id\":\"https:\\\/\\\/elcabilo.com\\\/radio\\\/author\\\/radio\\\/#author\"},\"publisher\":{\"@id\":\"https:\\\/\\\/elcabilo.com\\\/radio\\\/#organization\"},\"image\":{\"@type\":\"ImageObject\",\"url\":\"https:\\\/\\\/elcabilo.com\\\/radio\\\/files\\\/2013\\\/05\\\/les_arts.jpg\",\"width\":365,\"height\":138},\"datePublished\":\"2013-05-28T00:00:21+02:00\",\"dateModified\":\"2013-05-28T07:19:11+02:00\",\"inLanguage\":\"ca\",\"commentCount\":16,\"mainEntityOfPage\":{\"@id\":\"https:\\\/\\\/elcabilo.com\\\/radio\\\/2013\\\/05\\\/28\\\/concert-de-la-unio-musical-laurora-a-valencia\\\/#webpage\"},\"isPartOf\":{\"@id\":\"https:\\\/\\\/elcabilo.com\\\/radio\\\/2013\\\/05\\\/28\\\/concert-de-la-unio-musical-laurora-a-valencia\\\/#webpage\"},\"articleSection\":\"La coveta dels somnis\"},{\"@type\":\"BreadcrumbList\",\"@id\":\"https:\\\/\\\/elcabilo.com\\\/radio\\\/2013\\\/05\\\/28\\\/concert-de-la-unio-musical-laurora-a-valencia\\\/#breadcrumblist\",\"itemListElement\":[{\"@type\":\"ListItem\",\"@id\":\"https:\\\/\\\/elcabilo.com\\\/radio#listItem\",\"position\":1,\"name\":\"Home\",\"item\":\"https:\\\/\\\/elcabilo.com\\\/radio\",\"nextItem\":{\"@type\":\"ListItem\",\"@id\":\"https:\\\/\\\/elcabilo.com\\\/radio\\\/category\\\/programes\\\/#listItem\",\"name\":\"Programes\"}},{\"@type\":\"ListItem\",\"@id\":\"https:\\\/\\\/elcabilo.com\\\/radio\\\/category\\\/programes\\\/#listItem\",\"position\":2,\"name\":\"Programes\",\"item\":\"https:\\\/\\\/elcabilo.com\\\/radio\\\/category\\\/programes\\\/\",\"nextItem\":{\"@type\":\"ListItem\",\"@id\":\"https:\\\/\\\/elcabilo.com\\\/radio\\\/category\\\/programes\\\/la-coveta-dels-somnis\\\/#listItem\",\"name\":\"La coveta dels somnis\"},\"previousItem\":{\"@type\":\"ListItem\",\"@id\":\"https:\\\/\\\/elcabilo.com\\\/radio#listItem\",\"name\":\"Home\"}},{\"@type\":\"ListItem\",\"@id\":\"https:\\\/\\\/elcabilo.com\\\/radio\\\/category\\\/programes\\\/la-coveta-dels-somnis\\\/#listItem\",\"position\":3,\"name\":\"La coveta dels somnis\",\"item\":\"https:\\\/\\\/elcabilo.com\\\/radio\\\/category\\\/programes\\\/la-coveta-dels-somnis\\\/\",\"nextItem\":{\"@type\":\"ListItem\",\"@id\":\"https:\\\/\\\/elcabilo.com\\\/radio\\\/2013\\\/05\\\/28\\\/concert-de-la-unio-musical-laurora-a-valencia\\\/#listItem\",\"name\":\"Concert de la Uni\\u00f3 Musical L&#8217;Aurora a Val\\u00e8ncia\"},\"previousItem\":{\"@type\":\"ListItem\",\"@id\":\"https:\\\/\\\/elcabilo.com\\\/radio\\\/category\\\/programes\\\/#listItem\",\"name\":\"Programes\"}},{\"@type\":\"ListItem\",\"@id\":\"https:\\\/\\\/elcabilo.com\\\/radio\\\/2013\\\/05\\\/28\\\/concert-de-la-unio-musical-laurora-a-valencia\\\/#listItem\",\"position\":4,\"name\":\"Concert de la Uni\\u00f3 Musical L&#8217;Aurora a Val\\u00e8ncia\",\"previousItem\":{\"@type\":\"ListItem\",\"@id\":\"https:\\\/\\\/elcabilo.com\\\/radio\\\/category\\\/programes\\\/la-coveta-dels-somnis\\\/#listItem\",\"name\":\"La coveta dels somnis\"}}]},{\"@type\":\"Organization\",\"@id\":\"https:\\\/\\\/elcabilo.com\\\/radio\\\/#organization\",\"name\":\"Cabil\\u00f3 R\\u00e0dio\",\"description\":\"La r\\u00e0dio online de Sella\",\"url\":\"https:\\\/\\\/elcabilo.com\\\/radio\\\/\",\"logo\":{\"@type\":\"ImageObject\",\"url\":\"https:\\\/\\\/elcabilo.com\\\/radio\\\/files\\\/2023\\\/01\\\/cropped-logo_radio-1.gif\",\"@id\":\"https:\\\/\\\/elcabilo.com\\\/radio\\\/2013\\\/05\\\/28\\\/concert-de-la-unio-musical-laurora-a-valencia\\\/#organizationLogo\",\"width\":250,\"height\":50},\"image\":{\"@id\":\"https:\\\/\\\/elcabilo.com\\\/radio\\\/2013\\\/05\\\/28\\\/concert-de-la-unio-musical-laurora-a-valencia\\\/#organizationLogo\"}},{\"@type\":\"Person\",\"@id\":\"https:\\\/\\\/elcabilo.com\\\/radio\\\/author\\\/radio\\\/#author\",\"url\":\"https:\\\/\\\/elcabilo.com\\\/radio\\\/author\\\/radio\\\/\",\"name\":\"radio\",\"image\":{\"@type\":\"ImageObject\",\"@id\":\"https:\\\/\\\/elcabilo.com\\\/radio\\\/2013\\\/05\\\/28\\\/concert-de-la-unio-musical-laurora-a-valencia\\\/#authorImage\",\"url\":\"https:\\\/\\\/secure.gravatar.com\\\/avatar\\\/bb687b465db46b8e9255d0921cc346091032a91fe77f93721088d5decb8a2d1a?s=96&d=mm&r=g\",\"width\":96,\"height\":96,\"caption\":\"radio\"}},{\"@type\":\"WebPage\",\"@id\":\"https:\\\/\\\/elcabilo.com\\\/radio\\\/2013\\\/05\\\/28\\\/concert-de-la-unio-musical-laurora-a-valencia\\\/#webpage\",\"url\":\"https:\\\/\\\/elcabilo.com\\\/radio\\\/2013\\\/05\\\/28\\\/concert-de-la-unio-musical-laurora-a-valencia\\\/\",\"name\":\"Concert de la Uni\\u00f3 Musical L\\u2019Aurora a Val\\u00e8ncia - Cabil\\u00f3R\\u00e0dio\",\"description\":\"Cabil\\u00f3 R\\u00e0dio va estar al concert de la Uni\\u00f3 Musical L'Aurora de Sella al Palau de les Arts Reina Sofia de Val\\u00e8ncia, el passat 25 de maig. Si no vas poder acompanyar la teua banda o vols tornar a sentir el concert, l'emitim complet: Concert al II Cicle de Bandes a les Artsmap :: {skin:'blue',\",\"inLanguage\":\"ca\",\"isPartOf\":{\"@id\":\"https:\\\/\\\/elcabilo.com\\\/radio\\\/#website\"},\"breadcrumb\":{\"@id\":\"https:\\\/\\\/elcabilo.com\\\/radio\\\/2013\\\/05\\\/28\\\/concert-de-la-unio-musical-laurora-a-valencia\\\/#breadcrumblist\"},\"author\":{\"@id\":\"https:\\\/\\\/elcabilo.com\\\/radio\\\/author\\\/radio\\\/#author\"},\"creator\":{\"@id\":\"https:\\\/\\\/elcabilo.com\\\/radio\\\/author\\\/radio\\\/#author\"},\"image\":{\"@type\":\"ImageObject\",\"url\":\"https:\\\/\\\/elcabilo.com\\\/radio\\\/files\\\/2013\\\/05\\\/les_arts.jpg\",\"@id\":\"https:\\\/\\\/elcabilo.com\\\/radio\\\/2013\\\/05\\\/28\\\/concert-de-la-unio-musical-laurora-a-valencia\\\/#mainImage\",\"width\":365,\"height\":138},\"primaryImageOfPage\":{\"@id\":\"https:\\\/\\\/elcabilo.com\\\/radio\\\/2013\\\/05\\\/28\\\/concert-de-la-unio-musical-laurora-a-valencia\\\/#mainImage\"},\"datePublished\":\"2013-05-28T00:00:21+02:00\",\"dateModified\":\"2013-05-28T07:19:11+02:00\"},{\"@type\":\"WebSite\",\"@id\":\"https:\\\/\\\/elcabilo.com\\\/radio\\\/#website\",\"url\":\"https:\\\/\\\/elcabilo.com\\\/radio\\\/\",\"name\":\"Cabil\\u00f3 R\\u00e0dio\",\"description\":\"La r\\u00e0dio online de Sella\",\"inLanguage\":\"ca\",\"publisher\":{\"@id\":\"https:\\\/\\\/elcabilo.com\\\/radio\\\/#organization\"}}]}\n\t\t<\/script>\n\t\t<!-- All in One SEO -->\n\n","aioseo_head_json":{"title":"Concert de la Uni\u00f3 Musical L\u2019Aurora a Val\u00e8ncia - Cabil\u00f3R\u00e0dio","description":"Cabil\u00f3 R\u00e0dio va estar al concert de la Uni\u00f3 Musical L'Aurora de Sella al Palau de les Arts Reina Sofia de Val\u00e8ncia, el passat 25 de maig. Si no vas poder acompanyar la teua banda o vols tornar a sentir el concert, l'emitim complet: Concert al II Cicle de Bandes a les Artsmap :: {skin:'blue',","canonical_url":"https:\/\/elcabilo.com\/radio\/2013\/05\/28\/concert-de-la-unio-musical-laurora-a-valencia\/","robots":"max-image-preview:large","keywords":"","webmasterTools":{"miscellaneous":""},"schema":{"@context":"https:\/\/schema.org","@graph":[{"@type":"BlogPosting","@id":"https:\/\/elcabilo.com\/radio\/2013\/05\/28\/concert-de-la-unio-musical-laurora-a-valencia\/#blogposting","name":"Concert de la Uni\u00f3 Musical L\u2019Aurora a Val\u00e8ncia - Cabil\u00f3R\u00e0dio","headline":"Concert de la Uni\u00f3 Musical L&#8217;Aurora a Val\u00e8ncia","author":{"@id":"https:\/\/elcabilo.com\/radio\/author\/radio\/#author"},"publisher":{"@id":"https:\/\/elcabilo.com\/radio\/#organization"},"image":{"@type":"ImageObject","url":"https:\/\/elcabilo.com\/radio\/files\/2013\/05\/les_arts.jpg","width":365,"height":138},"datePublished":"2013-05-28T00:00:21+02:00","dateModified":"2013-05-28T07:19:11+02:00","inLanguage":"ca","commentCount":16,"mainEntityOfPage":{"@id":"https:\/\/elcabilo.com\/radio\/2013\/05\/28\/concert-de-la-unio-musical-laurora-a-valencia\/#webpage"},"isPartOf":{"@id":"https:\/\/elcabilo.com\/radio\/2013\/05\/28\/concert-de-la-unio-musical-laurora-a-valencia\/#webpage"},"articleSection":"La coveta dels somnis"},{"@type":"BreadcrumbList","@id":"https:\/\/elcabilo.com\/radio\/2013\/05\/28\/concert-de-la-unio-musical-laurora-a-valencia\/#breadcrumblist","itemListElement":[{"@type":"ListItem","@id":"https:\/\/elcabilo.com\/radio#listItem","position":1,"name":"Home","item":"https:\/\/elcabilo.com\/radio","nextItem":{"@type":"ListItem","@id":"https:\/\/elcabilo.com\/radio\/category\/programes\/#listItem","name":"Programes"}},{"@type":"ListItem","@id":"https:\/\/elcabilo.com\/radio\/category\/programes\/#listItem","position":2,"name":"Programes","item":"https:\/\/elcabilo.com\/radio\/category\/programes\/","nextItem":{"@type":"ListItem","@id":"https:\/\/elcabilo.com\/radio\/category\/programes\/la-coveta-dels-somnis\/#listItem","name":"La coveta dels somnis"},"previousItem":{"@type":"ListItem","@id":"https:\/\/elcabilo.com\/radio#listItem","name":"Home"}},{"@type":"ListItem","@id":"https:\/\/elcabilo.com\/radio\/category\/programes\/la-coveta-dels-somnis\/#listItem","position":3,"name":"La coveta dels somnis","item":"https:\/\/elcabilo.com\/radio\/category\/programes\/la-coveta-dels-somnis\/","nextItem":{"@type":"ListItem","@id":"https:\/\/elcabilo.com\/radio\/2013\/05\/28\/concert-de-la-unio-musical-laurora-a-valencia\/#listItem","name":"Concert de la Uni\u00f3 Musical L&#8217;Aurora a Val\u00e8ncia"},"previousItem":{"@type":"ListItem","@id":"https:\/\/elcabilo.com\/radio\/category\/programes\/#listItem","name":"Programes"}},{"@type":"ListItem","@id":"https:\/\/elcabilo.com\/radio\/2013\/05\/28\/concert-de-la-unio-musical-laurora-a-valencia\/#listItem","position":4,"name":"Concert de la Uni\u00f3 Musical L&#8217;Aurora a Val\u00e8ncia","previousItem":{"@type":"ListItem","@id":"https:\/\/elcabilo.com\/radio\/category\/programes\/la-coveta-dels-somnis\/#listItem","name":"La coveta dels somnis"}}]},{"@type":"Organization","@id":"https:\/\/elcabilo.com\/radio\/#organization","name":"Cabil\u00f3 R\u00e0dio","description":"La r\u00e0dio online de Sella","url":"https:\/\/elcabilo.com\/radio\/","logo":{"@type":"ImageObject","url":"https:\/\/elcabilo.com\/radio\/files\/2023\/01\/cropped-logo_radio-1.gif","@id":"https:\/\/elcabilo.com\/radio\/2013\/05\/28\/concert-de-la-unio-musical-laurora-a-valencia\/#organizationLogo","width":250,"height":50},"image":{"@id":"https:\/\/elcabilo.com\/radio\/2013\/05\/28\/concert-de-la-unio-musical-laurora-a-valencia\/#organizationLogo"}},{"@type":"Person","@id":"https:\/\/elcabilo.com\/radio\/author\/radio\/#author","url":"https:\/\/elcabilo.com\/radio\/author\/radio\/","name":"radio","image":{"@type":"ImageObject","@id":"https:\/\/elcabilo.com\/radio\/2013\/05\/28\/concert-de-la-unio-musical-laurora-a-valencia\/#authorImage","url":"https:\/\/secure.gravatar.com\/avatar\/bb687b465db46b8e9255d0921cc346091032a91fe77f93721088d5decb8a2d1a?s=96&d=mm&r=g","width":96,"height":96,"caption":"radio"}},{"@type":"WebPage","@id":"https:\/\/elcabilo.com\/radio\/2013\/05\/28\/concert-de-la-unio-musical-laurora-a-valencia\/#webpage","url":"https:\/\/elcabilo.com\/radio\/2013\/05\/28\/concert-de-la-unio-musical-laurora-a-valencia\/","name":"Concert de la Uni\u00f3 Musical L\u2019Aurora a Val\u00e8ncia - Cabil\u00f3R\u00e0dio","description":"Cabil\u00f3 R\u00e0dio va estar al concert de la Uni\u00f3 Musical L'Aurora de Sella al Palau de les Arts Reina Sofia de Val\u00e8ncia, el passat 25 de maig. Si no vas poder acompanyar la teua banda o vols tornar a sentir el concert, l'emitim complet: Concert al II Cicle de Bandes a les Artsmap :: {skin:'blue',","inLanguage":"ca","isPartOf":{"@id":"https:\/\/elcabilo.com\/radio\/#website"},"breadcrumb":{"@id":"https:\/\/elcabilo.com\/radio\/2013\/05\/28\/concert-de-la-unio-musical-laurora-a-valencia\/#breadcrumblist"},"author":{"@id":"https:\/\/elcabilo.com\/radio\/author\/radio\/#author"},"creator":{"@id":"https:\/\/elcabilo.com\/radio\/author\/radio\/#author"},"image":{"@type":"ImageObject","url":"https:\/\/elcabilo.com\/radio\/files\/2013\/05\/les_arts.jpg","@id":"https:\/\/elcabilo.com\/radio\/2013\/05\/28\/concert-de-la-unio-musical-laurora-a-valencia\/#mainImage","width":365,"height":138},"primaryImageOfPage":{"@id":"https:\/\/elcabilo.com\/radio\/2013\/05\/28\/concert-de-la-unio-musical-laurora-a-valencia\/#mainImage"},"datePublished":"2013-05-28T00:00:21+02:00","dateModified":"2013-05-28T07:19:11+02:00"},{"@type":"WebSite","@id":"https:\/\/elcabilo.com\/radio\/#website","url":"https:\/\/elcabilo.com\/radio\/","name":"Cabil\u00f3 R\u00e0dio","description":"La r\u00e0dio online de Sella","inLanguage":"ca","publisher":{"@id":"https:\/\/elcabilo.com\/radio\/#organization"}}]},"og:locale":"ca_ES","og:site_name":"Cabil\u00f3R\u00e0dio - La r\u00e0dio online de Sella","og:type":"article","og:title":"Concert de la Uni\u00f3 Musical L\u2019Aurora a Val\u00e8ncia - Cabil\u00f3R\u00e0dio","og:description":"Cabil\u00f3 R\u00e0dio va estar al concert de la Uni\u00f3 Musical L'Aurora de Sella al Palau de les Arts Reina Sofia de Val\u00e8ncia, el passat 25 de maig. Si no vas poder acompanyar la teua banda o vols tornar a sentir el concert, l'emitim complet: Concert al II Cicle de Bandes a les Artsmap :: {skin:'blue',","og:url":"https:\/\/elcabilo.com\/radio\/2013\/05\/28\/concert-de-la-unio-musical-laurora-a-valencia\/","og:image":"https:\/\/elcabilo.com\/radio\/files\/2023\/01\/cropped-logo_radio-1.gif","og:image:secure_url":"https:\/\/elcabilo.com\/radio\/files\/2023\/01\/cropped-logo_radio-1.gif","article:published_time":"2013-05-27T22:00:21+00:00","article:modified_time":"2013-05-28T05:19:11+00:00","twitter:card":"summary_large_image","twitter:title":"Concert de la Uni\u00f3 Musical L\u2019Aurora a Val\u00e8ncia - Cabil\u00f3R\u00e0dio","twitter:description":"Cabil\u00f3 R\u00e0dio va estar al concert de la Uni\u00f3 Musical L'Aurora de Sella al Palau de les Arts Reina Sofia de Val\u00e8ncia, el passat 25 de maig. Si no vas poder acompanyar la teua banda o vols tornar a sentir el concert, l'emitim complet: Concert al II Cicle de Bandes a les Artsmap :: {skin:'blue',","twitter:image":"https:\/\/elcabilo.com\/radio\/files\/2023\/01\/cropped-logo_radio-1.gif"},"aioseo_meta_data":{"post_id":"820","title":null,"description":null,"keywords":null,"keyphrases":null,"primary_term":null,"canonical_url":null,"og_title":null,"og_description":null,"og_object_type":"default","og_image_type":"default","og_image_url":null,"og_image_width":null,"og_image_height":null,"og_image_custom_url":null,"og_image_custom_fields":null,"og_video":null,"og_custom_url":null,"og_article_section":null,"og_article_tags":null,"twitter_use_og":false,"twitter_card":"default","twitter_image_type":"default","twitter_image_url":null,"twitter_image_custom_url":null,"twitter_image_custom_fields":null,"twitter_title":null,"twitter_description":null,"schema":{"blockGraphs":[],"customGraphs":[],"default":{"data":{"Article":[],"Course":[],"Dataset":[],"FAQPage":[],"Movie":[],"Person":[],"Product":[],"ProductReview":[],"Car":[],"Recipe":[],"Service":[],"SoftwareApplication":[],"WebPage":[]},"graphName":"","isEnabled":true},"graphs":[]},"schema_type":"default","schema_type_options":null,"pillar_content":false,"robots_default":true,"robots_noindex":false,"robots_noarchive":false,"robots_nosnippet":false,"robots_nofollow":false,"robots_noimageindex":false,"robots_noodp":false,"robots_notranslate":false,"robots_max_snippet":null,"robots_max_videopreview":null,"robots_max_imagepreview":"large","priority":null,"frequency":null,"local_seo":null,"breadcrumb_settings":null,"limit_modified_date":false,"ai":null,"created":"2023-01-27 22:07:24","updated":"2025-06-08 19:03:43","seo_analyzer_scan_date":null,"focus_keyword":null,"additional_keywords":null,"truseo_locale":null},"aioseo_breadcrumb":"<div class=\"aioseo-breadcrumbs\"><span class=\"aioseo-breadcrumb\">\n\t\t\t<a href=\"https:\/\/elcabilo.com\/radio\" title=\"Home\">Home<\/a>\n\t\t<\/span><span class=\"aioseo-breadcrumb-separator\">&raquo;<\/span><span class=\"aioseo-breadcrumb\">\n\t\t\t<a href=\"https:\/\/elcabilo.com\/radio\/category\/programes\/\" title=\"Programes\">Programes<\/a>\n\t\t<\/span><span class=\"aioseo-breadcrumb-separator\">&raquo;<\/span><span class=\"aioseo-breadcrumb\">\n\t\t\t<a href=\"https:\/\/elcabilo.com\/radio\/category\/programes\/la-coveta-dels-somnis\/\" title=\"La coveta dels somnis\">La coveta dels somnis<\/a>\n\t\t<\/span><span class=\"aioseo-breadcrumb-separator\">&raquo;<\/span><span class=\"aioseo-breadcrumb\">\n\t\t\tConcert de la Uni\u00f3 Musical L\u2019Aurora a Val\u00e8ncia\n\t\t<\/span><\/div>","aioseo_breadcrumb_json":[{"label":"Home","link":"https:\/\/elcabilo.com\/radio"},{"label":"Programes","link":"https:\/\/elcabilo.com\/radio\/category\/programes\/"},{"label":"La coveta dels somnis","link":"https:\/\/elcabilo.com\/radio\/category\/programes\/la-coveta-dels-somnis\/"},{"label":"Concert de la Uni\u00f3 Musical L&#8217;Aurora a Val\u00e8ncia","link":"https:\/\/elcabilo.com\/radio\/2013\/05\/28\/concert-de-la-unio-musical-laurora-a-valencia\/"}],"_links":{"self":[{"href":"https:\/\/elcabilo.com\/radio\/wp-json\/wp\/v2\/posts\/820","targetHints":{"allow":["GET"]}}],"collection":[{"href":"https:\/\/elcabilo.com\/radio\/wp-json\/wp\/v2\/posts"}],"about":[{"href":"https:\/\/elcabilo.com\/radio\/wp-json\/wp\/v2\/types\/post"}],"author":[{"embeddable":true,"href":"https:\/\/elcabilo.com\/radio\/wp-json\/wp\/v2\/users\/272"}],"replies":[{"embeddable":true,"href":"https:\/\/elcabilo.com\/radio\/wp-json\/wp\/v2\/comments?post=820"}],"version-history":[{"count":0,"href":"https:\/\/elcabilo.com\/radio\/wp-json\/wp\/v2\/posts\/820\/revisions"}],"wp:featuredmedia":[{"embeddable":true,"href":"https:\/\/elcabilo.com\/radio\/wp-json\/wp\/v2\/media\/821"}],"wp:attachment":[{"href":"https:\/\/elcabilo.com\/radio\/wp-json\/wp\/v2\/media?parent=820"}],"wp:term":[{"taxonomy":"category","embeddable":true,"href":"https:\/\/elcabilo.com\/radio\/wp-json\/wp\/v2\/categories?post=820"},{"taxonomy":"post_tag","embeddable":true,"href":"https:\/\/elcabilo.com\/radio\/wp-json\/wp\/v2\/tags?post=820"}],"curies":[{"name":"wp","href":"https:\/\/api.w.org\/{rel}","templated":true}]}}