{"id":964,"date":"2013-08-11T09:00:33","date_gmt":"2013-08-11T07:00:33","guid":{"rendered":"http:\/\/elcabilo.com\/radio\/?p=964"},"modified":"2013-08-10T18:46:30","modified_gmt":"2013-08-10T16:46:30","slug":"la-coveta-dels-somnis-7e-programa","status":"publish","type":"post","link":"https:\/\/elcabilo.com\/radio\/2013\/08\/11\/la-coveta-dels-somnis-7e-programa\/","title":{"rendered":"La coveta dels somnis: 7\u00e9 programa"},"content":{"rendered":"<p style=\"text-align: justify;\">En el programa de hui podem dir que tenim una coveta molt moguda i variada. Us informarem de les \u00faltimes actuacions de la banda al poble, de la presentaci\u00f3 d&#8217;un nou grup de dansa i de la visita dels descendents del mestre Antonio Mora al poble.<\/p>\n<p style=\"text-align: justify;\">Tamb\u00e9 escoltarem a Laia en &#8216;El poble llig&#8217; i podreu escoltar A tremolar, una can\u00e7\u00f3 de S\u00e9nior i el cor brutal.<\/p>\n<p style=\"text-align: justify;\">Finalment, en una nova secci\u00f3 del programa, entrevistarem una xica de Sella que est\u00e0 fent classes ni m\u00e9s ni menys que a Texas.<\/p>\n<p style=\"text-align: center;\"><a class=\"{skin:'blue', animate:true, width:'200', volume:0.6, autoplay:false, loop:false, showVolumeLevel:true, showTime:true, showRew:true, downloadable:true, downloadablesecurity:false, id3: false}\" id=\"mbmaplayer_1375895557168\" href=\"http:\/\/archive.org\/download\/la_coveta_agost_2013\/lacovetadelssomnis07.mp3\">La coveta &#8211; 7\u00e9 programa<\/a><textarea class=\"map_params\" style=\"display: block; padding: 3px; background: #444; color: #fff; text-decoration: none;\" disabled=\"disabled\">map :: {skin:&#8217;blue&#8217;, animate:true, width:&#8217;200&#8242;, volume:0.6, autoplay:false, loop:false, showVolumeLevel:true, showTime:true, showRew:true, downloadable:true, downloadablesecurity:false, id3: false}<\/textarea><\/p>\n","protected":false},"excerpt":{"rendered":"<p>En el programa de hui podem dir que tenim una coveta molt moguda i variada. Us informarem de les \u00faltimes actuacions de la banda al poble, de la presentaci\u00f3 d&#8217;un nou grup de dansa i de la visita dels descendents del mestre Antonio Mora al poble. Tamb\u00e9 escoltarem a Laia en &#8216;El poble llig&#8217; i [&hellip;]<\/p>\n","protected":false},"author":272,"featured_media":467,"comment_status":"open","ping_status":"open","sticky":false,"template":"","format":"standard","meta":{"_exactmetrics_skip_tracking":false,"footnotes":""},"categories":[15],"tags":[],"class_list":["post-964","post","type-post","status-publish","format-standard","has-post-thumbnail","hentry","category-la-coveta-dels-somnis"],"aioseo_notices":[],"aioseo_head":"\n\t\t<!-- All in One SEO 5.0.1 - aioseo.com -->\n\t<meta name=\"description\" content=\"En el programa de hui podem dir que tenim una coveta molt moguda i variada. Us informarem de les \u00faltimes actuacions de la banda al poble, de la presentaci\u00f3 d&#039;un nou grup de dansa i de la visita dels descendents del mestre Antonio Mora al poble. Tamb\u00e9 escoltarem a Laia en &#039;El poble llig&#039; i\" \/>\n\t<meta name=\"robots\" content=\"max-image-preview:large\" \/>\n\t<meta name=\"author\" content=\"radio\"\/>\n\t<link rel=\"canonical\" href=\"https:\/\/elcabilo.com\/radio\/2013\/08\/11\/la-coveta-dels-somnis-7e-programa\/\" \/>\n\t<meta name=\"generator\" content=\"All in One SEO (AIOSEO) 5.0.1\" \/>\n\t\t<meta property=\"og:locale\" content=\"ca_ES\" \/>\n\t\t<meta property=\"og:site_name\" content=\"Cabil\u00f3R\u00e0dio - La r\u00e0dio online de Sella\" \/>\n\t\t<meta property=\"og:type\" content=\"article\" \/>\n\t\t<meta property=\"og:title\" content=\"La coveta dels somnis: 7\u00e9 programa - Cabil\u00f3R\u00e0dio\" \/>\n\t\t<meta property=\"og:description\" content=\"En el programa de hui podem dir que tenim una coveta molt moguda i variada. Us informarem de les \u00faltimes actuacions de la banda al poble, de la presentaci\u00f3 d&#039;un nou grup de dansa i de la visita dels descendents del mestre Antonio Mora al poble. Tamb\u00e9 escoltarem a Laia en &#039;El poble llig&#039; i\" \/>\n\t\t<meta property=\"og:url\" content=\"https:\/\/elcabilo.com\/radio\/2013\/08\/11\/la-coveta-dels-somnis-7e-programa\/\" \/>\n\t\t<meta property=\"og:image\" content=\"https:\/\/elcabilo.com\/radio\/files\/2023\/01\/cropped-logo_radio-1.gif\" \/>\n\t\t<meta property=\"og:image:secure_url\" content=\"https:\/\/elcabilo.com\/radio\/files\/2023\/01\/cropped-logo_radio-1.gif\" \/>\n\t\t<meta property=\"article:published_time\" content=\"2013-08-11T07:00:33+00:00\" \/>\n\t\t<meta property=\"article:modified_time\" content=\"2013-08-10T16:46:30+00:00\" \/>\n\t\t<meta name=\"twitter:card\" content=\"summary_large_image\" \/>\n\t\t<meta name=\"twitter:title\" content=\"La coveta dels somnis: 7\u00e9 programa - Cabil\u00f3R\u00e0dio\" \/>\n\t\t<meta name=\"twitter:description\" content=\"En el programa de hui podem dir que tenim una coveta molt moguda i variada. Us informarem de les \u00faltimes actuacions de la banda al poble, de la presentaci\u00f3 d&#039;un nou grup de dansa i de la visita dels descendents del mestre Antonio Mora al poble. Tamb\u00e9 escoltarem a Laia en &#039;El poble llig&#039; i\" \/>\n\t\t<meta name=\"twitter:image\" content=\"https:\/\/elcabilo.com\/radio\/files\/2023\/01\/cropped-logo_radio-1.gif\" \/>\n\t\t<script type=\"application\/ld+json\" class=\"aioseo-schema\">\n\t\t\t{\"@context\":\"https:\\\/\\\/schema.org\",\"@graph\":[{\"@type\":\"BlogPosting\",\"@id\":\"https:\\\/\\\/elcabilo.com\\\/radio\\\/2013\\\/08\\\/11\\\/la-coveta-dels-somnis-7e-programa\\\/#blogposting\",\"name\":\"La coveta dels somnis: 7\\u00e9 programa - Cabil\\u00f3R\\u00e0dio\",\"headline\":\"La coveta dels somnis: 7\\u00e9 programa\",\"author\":{\"@id\":\"https:\\\/\\\/elcabilo.com\\\/radio\\\/author\\\/radio\\\/#author\"},\"publisher\":{\"@id\":\"https:\\\/\\\/elcabilo.com\\\/radio\\\/#organization\"},\"image\":{\"@type\":\"ImageObject\",\"url\":\"https:\\\/\\\/elcabilo.com\\\/radio\\\/files\\\/2013\\\/02\\\/covetalogo2.jpg\",\"width\":900,\"height\":300},\"datePublished\":\"2013-08-11T09:00:33+02:00\",\"dateModified\":\"2013-08-10T18:46:30+02:00\",\"inLanguage\":\"ca\",\"commentCount\":2,\"mainEntityOfPage\":{\"@id\":\"https:\\\/\\\/elcabilo.com\\\/radio\\\/2013\\\/08\\\/11\\\/la-coveta-dels-somnis-7e-programa\\\/#webpage\"},\"isPartOf\":{\"@id\":\"https:\\\/\\\/elcabilo.com\\\/radio\\\/2013\\\/08\\\/11\\\/la-coveta-dels-somnis-7e-programa\\\/#webpage\"},\"articleSection\":\"La coveta dels somnis\"},{\"@type\":\"BreadcrumbList\",\"@id\":\"https:\\\/\\\/elcabilo.com\\\/radio\\\/2013\\\/08\\\/11\\\/la-coveta-dels-somnis-7e-programa\\\/#breadcrumblist\",\"itemListElement\":[{\"@type\":\"ListItem\",\"@id\":\"https:\\\/\\\/elcabilo.com\\\/radio#listItem\",\"position\":1,\"name\":\"Home\",\"item\":\"https:\\\/\\\/elcabilo.com\\\/radio\",\"nextItem\":{\"@type\":\"ListItem\",\"@id\":\"https:\\\/\\\/elcabilo.com\\\/radio\\\/category\\\/programes\\\/#listItem\",\"name\":\"Programes\"}},{\"@type\":\"ListItem\",\"@id\":\"https:\\\/\\\/elcabilo.com\\\/radio\\\/category\\\/programes\\\/#listItem\",\"position\":2,\"name\":\"Programes\",\"item\":\"https:\\\/\\\/elcabilo.com\\\/radio\\\/category\\\/programes\\\/\",\"nextItem\":{\"@type\":\"ListItem\",\"@id\":\"https:\\\/\\\/elcabilo.com\\\/radio\\\/category\\\/programes\\\/la-coveta-dels-somnis\\\/#listItem\",\"name\":\"La coveta dels somnis\"},\"previousItem\":{\"@type\":\"ListItem\",\"@id\":\"https:\\\/\\\/elcabilo.com\\\/radio#listItem\",\"name\":\"Home\"}},{\"@type\":\"ListItem\",\"@id\":\"https:\\\/\\\/elcabilo.com\\\/radio\\\/category\\\/programes\\\/la-coveta-dels-somnis\\\/#listItem\",\"position\":3,\"name\":\"La coveta dels somnis\",\"item\":\"https:\\\/\\\/elcabilo.com\\\/radio\\\/category\\\/programes\\\/la-coveta-dels-somnis\\\/\",\"nextItem\":{\"@type\":\"ListItem\",\"@id\":\"https:\\\/\\\/elcabilo.com\\\/radio\\\/2013\\\/08\\\/11\\\/la-coveta-dels-somnis-7e-programa\\\/#listItem\",\"name\":\"La coveta dels somnis: 7\\u00e9 programa\"},\"previousItem\":{\"@type\":\"ListItem\",\"@id\":\"https:\\\/\\\/elcabilo.com\\\/radio\\\/category\\\/programes\\\/#listItem\",\"name\":\"Programes\"}},{\"@type\":\"ListItem\",\"@id\":\"https:\\\/\\\/elcabilo.com\\\/radio\\\/2013\\\/08\\\/11\\\/la-coveta-dels-somnis-7e-programa\\\/#listItem\",\"position\":4,\"name\":\"La coveta dels somnis: 7\\u00e9 programa\",\"previousItem\":{\"@type\":\"ListItem\",\"@id\":\"https:\\\/\\\/elcabilo.com\\\/radio\\\/category\\\/programes\\\/la-coveta-dels-somnis\\\/#listItem\",\"name\":\"La coveta dels somnis\"}}]},{\"@type\":\"Organization\",\"@id\":\"https:\\\/\\\/elcabilo.com\\\/radio\\\/#organization\",\"name\":\"Cabil\\u00f3 R\\u00e0dio\",\"description\":\"La r\\u00e0dio online de Sella\",\"url\":\"https:\\\/\\\/elcabilo.com\\\/radio\\\/\",\"logo\":{\"@type\":\"ImageObject\",\"url\":\"https:\\\/\\\/elcabilo.com\\\/radio\\\/files\\\/2023\\\/01\\\/cropped-logo_radio-1.gif\",\"@id\":\"https:\\\/\\\/elcabilo.com\\\/radio\\\/2013\\\/08\\\/11\\\/la-coveta-dels-somnis-7e-programa\\\/#organizationLogo\",\"width\":250,\"height\":50},\"image\":{\"@id\":\"https:\\\/\\\/elcabilo.com\\\/radio\\\/2013\\\/08\\\/11\\\/la-coveta-dels-somnis-7e-programa\\\/#organizationLogo\"}},{\"@type\":\"Person\",\"@id\":\"https:\\\/\\\/elcabilo.com\\\/radio\\\/author\\\/radio\\\/#author\",\"url\":\"https:\\\/\\\/elcabilo.com\\\/radio\\\/author\\\/radio\\\/\",\"name\":\"radio\",\"image\":{\"@type\":\"ImageObject\",\"@id\":\"https:\\\/\\\/elcabilo.com\\\/radio\\\/2013\\\/08\\\/11\\\/la-coveta-dels-somnis-7e-programa\\\/#authorImage\",\"url\":\"https:\\\/\\\/secure.gravatar.com\\\/avatar\\\/bb687b465db46b8e9255d0921cc346091032a91fe77f93721088d5decb8a2d1a?s=96&d=mm&r=g\",\"width\":96,\"height\":96,\"caption\":\"radio\"}},{\"@type\":\"WebPage\",\"@id\":\"https:\\\/\\\/elcabilo.com\\\/radio\\\/2013\\\/08\\\/11\\\/la-coveta-dels-somnis-7e-programa\\\/#webpage\",\"url\":\"https:\\\/\\\/elcabilo.com\\\/radio\\\/2013\\\/08\\\/11\\\/la-coveta-dels-somnis-7e-programa\\\/\",\"name\":\"La coveta dels somnis: 7\\u00e9 programa - Cabil\\u00f3R\\u00e0dio\",\"description\":\"En el programa de hui podem dir que tenim una coveta molt moguda i variada. Us informarem de les \\u00faltimes actuacions de la banda al poble, de la presentaci\\u00f3 d'un nou grup de dansa i de la visita dels descendents del mestre Antonio Mora al poble. Tamb\\u00e9 escoltarem a Laia en 'El poble llig' i\",\"inLanguage\":\"ca\",\"isPartOf\":{\"@id\":\"https:\\\/\\\/elcabilo.com\\\/radio\\\/#website\"},\"breadcrumb\":{\"@id\":\"https:\\\/\\\/elcabilo.com\\\/radio\\\/2013\\\/08\\\/11\\\/la-coveta-dels-somnis-7e-programa\\\/#breadcrumblist\"},\"author\":{\"@id\":\"https:\\\/\\\/elcabilo.com\\\/radio\\\/author\\\/radio\\\/#author\"},\"creator\":{\"@id\":\"https:\\\/\\\/elcabilo.com\\\/radio\\\/author\\\/radio\\\/#author\"},\"image\":{\"@type\":\"ImageObject\",\"url\":\"https:\\\/\\\/elcabilo.com\\\/radio\\\/files\\\/2013\\\/02\\\/covetalogo2.jpg\",\"@id\":\"https:\\\/\\\/elcabilo.com\\\/radio\\\/2013\\\/08\\\/11\\\/la-coveta-dels-somnis-7e-programa\\\/#mainImage\",\"width\":900,\"height\":300},\"primaryImageOfPage\":{\"@id\":\"https:\\\/\\\/elcabilo.com\\\/radio\\\/2013\\\/08\\\/11\\\/la-coveta-dels-somnis-7e-programa\\\/#mainImage\"},\"datePublished\":\"2013-08-11T09:00:33+02:00\",\"dateModified\":\"2013-08-10T18:46:30+02:00\"},{\"@type\":\"WebSite\",\"@id\":\"https:\\\/\\\/elcabilo.com\\\/radio\\\/#website\",\"url\":\"https:\\\/\\\/elcabilo.com\\\/radio\\\/\",\"name\":\"Cabil\\u00f3 R\\u00e0dio\",\"description\":\"La r\\u00e0dio online de Sella\",\"inLanguage\":\"ca\",\"publisher\":{\"@id\":\"https:\\\/\\\/elcabilo.com\\\/radio\\\/#organization\"}}]}\n\t\t<\/script>\n\t\t<!-- All in One SEO -->\n\n","aioseo_head_json":{"title":"La coveta dels somnis: 7\u00e9 programa - Cabil\u00f3R\u00e0dio","description":"En el programa de hui podem dir que tenim una coveta molt moguda i variada. Us informarem de les \u00faltimes actuacions de la banda al poble, de la presentaci\u00f3 d'un nou grup de dansa i de la visita dels descendents del mestre Antonio Mora al poble. Tamb\u00e9 escoltarem a Laia en 'El poble llig' i","canonical_url":"https:\/\/elcabilo.com\/radio\/2013\/08\/11\/la-coveta-dels-somnis-7e-programa\/","robots":"max-image-preview:large","keywords":"","webmasterTools":{"miscellaneous":""},"schema":{"@context":"https:\/\/schema.org","@graph":[{"@type":"BlogPosting","@id":"https:\/\/elcabilo.com\/radio\/2013\/08\/11\/la-coveta-dels-somnis-7e-programa\/#blogposting","name":"La coveta dels somnis: 7\u00e9 programa - Cabil\u00f3R\u00e0dio","headline":"La coveta dels somnis: 7\u00e9 programa","author":{"@id":"https:\/\/elcabilo.com\/radio\/author\/radio\/#author"},"publisher":{"@id":"https:\/\/elcabilo.com\/radio\/#organization"},"image":{"@type":"ImageObject","url":"https:\/\/elcabilo.com\/radio\/files\/2013\/02\/covetalogo2.jpg","width":900,"height":300},"datePublished":"2013-08-11T09:00:33+02:00","dateModified":"2013-08-10T18:46:30+02:00","inLanguage":"ca","commentCount":2,"mainEntityOfPage":{"@id":"https:\/\/elcabilo.com\/radio\/2013\/08\/11\/la-coveta-dels-somnis-7e-programa\/#webpage"},"isPartOf":{"@id":"https:\/\/elcabilo.com\/radio\/2013\/08\/11\/la-coveta-dels-somnis-7e-programa\/#webpage"},"articleSection":"La coveta dels somnis"},{"@type":"BreadcrumbList","@id":"https:\/\/elcabilo.com\/radio\/2013\/08\/11\/la-coveta-dels-somnis-7e-programa\/#breadcrumblist","itemListElement":[{"@type":"ListItem","@id":"https:\/\/elcabilo.com\/radio#listItem","position":1,"name":"Home","item":"https:\/\/elcabilo.com\/radio","nextItem":{"@type":"ListItem","@id":"https:\/\/elcabilo.com\/radio\/category\/programes\/#listItem","name":"Programes"}},{"@type":"ListItem","@id":"https:\/\/elcabilo.com\/radio\/category\/programes\/#listItem","position":2,"name":"Programes","item":"https:\/\/elcabilo.com\/radio\/category\/programes\/","nextItem":{"@type":"ListItem","@id":"https:\/\/elcabilo.com\/radio\/category\/programes\/la-coveta-dels-somnis\/#listItem","name":"La coveta dels somnis"},"previousItem":{"@type":"ListItem","@id":"https:\/\/elcabilo.com\/radio#listItem","name":"Home"}},{"@type":"ListItem","@id":"https:\/\/elcabilo.com\/radio\/category\/programes\/la-coveta-dels-somnis\/#listItem","position":3,"name":"La coveta dels somnis","item":"https:\/\/elcabilo.com\/radio\/category\/programes\/la-coveta-dels-somnis\/","nextItem":{"@type":"ListItem","@id":"https:\/\/elcabilo.com\/radio\/2013\/08\/11\/la-coveta-dels-somnis-7e-programa\/#listItem","name":"La coveta dels somnis: 7\u00e9 programa"},"previousItem":{"@type":"ListItem","@id":"https:\/\/elcabilo.com\/radio\/category\/programes\/#listItem","name":"Programes"}},{"@type":"ListItem","@id":"https:\/\/elcabilo.com\/radio\/2013\/08\/11\/la-coveta-dels-somnis-7e-programa\/#listItem","position":4,"name":"La coveta dels somnis: 7\u00e9 programa","previousItem":{"@type":"ListItem","@id":"https:\/\/elcabilo.com\/radio\/category\/programes\/la-coveta-dels-somnis\/#listItem","name":"La coveta dels somnis"}}]},{"@type":"Organization","@id":"https:\/\/elcabilo.com\/radio\/#organization","name":"Cabil\u00f3 R\u00e0dio","description":"La r\u00e0dio online de Sella","url":"https:\/\/elcabilo.com\/radio\/","logo":{"@type":"ImageObject","url":"https:\/\/elcabilo.com\/radio\/files\/2023\/01\/cropped-logo_radio-1.gif","@id":"https:\/\/elcabilo.com\/radio\/2013\/08\/11\/la-coveta-dels-somnis-7e-programa\/#organizationLogo","width":250,"height":50},"image":{"@id":"https:\/\/elcabilo.com\/radio\/2013\/08\/11\/la-coveta-dels-somnis-7e-programa\/#organizationLogo"}},{"@type":"Person","@id":"https:\/\/elcabilo.com\/radio\/author\/radio\/#author","url":"https:\/\/elcabilo.com\/radio\/author\/radio\/","name":"radio","image":{"@type":"ImageObject","@id":"https:\/\/elcabilo.com\/radio\/2013\/08\/11\/la-coveta-dels-somnis-7e-programa\/#authorImage","url":"https:\/\/secure.gravatar.com\/avatar\/bb687b465db46b8e9255d0921cc346091032a91fe77f93721088d5decb8a2d1a?s=96&d=mm&r=g","width":96,"height":96,"caption":"radio"}},{"@type":"WebPage","@id":"https:\/\/elcabilo.com\/radio\/2013\/08\/11\/la-coveta-dels-somnis-7e-programa\/#webpage","url":"https:\/\/elcabilo.com\/radio\/2013\/08\/11\/la-coveta-dels-somnis-7e-programa\/","name":"La coveta dels somnis: 7\u00e9 programa - Cabil\u00f3R\u00e0dio","description":"En el programa de hui podem dir que tenim una coveta molt moguda i variada. Us informarem de les \u00faltimes actuacions de la banda al poble, de la presentaci\u00f3 d'un nou grup de dansa i de la visita dels descendents del mestre Antonio Mora al poble. Tamb\u00e9 escoltarem a Laia en 'El poble llig' i","inLanguage":"ca","isPartOf":{"@id":"https:\/\/elcabilo.com\/radio\/#website"},"breadcrumb":{"@id":"https:\/\/elcabilo.com\/radio\/2013\/08\/11\/la-coveta-dels-somnis-7e-programa\/#breadcrumblist"},"author":{"@id":"https:\/\/elcabilo.com\/radio\/author\/radio\/#author"},"creator":{"@id":"https:\/\/elcabilo.com\/radio\/author\/radio\/#author"},"image":{"@type":"ImageObject","url":"https:\/\/elcabilo.com\/radio\/files\/2013\/02\/covetalogo2.jpg","@id":"https:\/\/elcabilo.com\/radio\/2013\/08\/11\/la-coveta-dels-somnis-7e-programa\/#mainImage","width":900,"height":300},"primaryImageOfPage":{"@id":"https:\/\/elcabilo.com\/radio\/2013\/08\/11\/la-coveta-dels-somnis-7e-programa\/#mainImage"},"datePublished":"2013-08-11T09:00:33+02:00","dateModified":"2013-08-10T18:46:30+02:00"},{"@type":"WebSite","@id":"https:\/\/elcabilo.com\/radio\/#website","url":"https:\/\/elcabilo.com\/radio\/","name":"Cabil\u00f3 R\u00e0dio","description":"La r\u00e0dio online de Sella","inLanguage":"ca","publisher":{"@id":"https:\/\/elcabilo.com\/radio\/#organization"}}]},"og:locale":"ca_ES","og:site_name":"Cabil\u00f3R\u00e0dio - La r\u00e0dio online de Sella","og:type":"article","og:title":"La coveta dels somnis: 7\u00e9 programa - Cabil\u00f3R\u00e0dio","og:description":"En el programa de hui podem dir que tenim una coveta molt moguda i variada. Us informarem de les \u00faltimes actuacions de la banda al poble, de la presentaci\u00f3 d'un nou grup de dansa i de la visita dels descendents del mestre Antonio Mora al poble. Tamb\u00e9 escoltarem a Laia en 'El poble llig' i","og:url":"https:\/\/elcabilo.com\/radio\/2013\/08\/11\/la-coveta-dels-somnis-7e-programa\/","og:image":"https:\/\/elcabilo.com\/radio\/files\/2023\/01\/cropped-logo_radio-1.gif","og:image:secure_url":"https:\/\/elcabilo.com\/radio\/files\/2023\/01\/cropped-logo_radio-1.gif","article:published_time":"2013-08-11T07:00:33+00:00","article:modified_time":"2013-08-10T16:46:30+00:00","twitter:card":"summary_large_image","twitter:title":"La coveta dels somnis: 7\u00e9 programa - Cabil\u00f3R\u00e0dio","twitter:description":"En el programa de hui podem dir que tenim una coveta molt moguda i variada. Us informarem de les \u00faltimes actuacions de la banda al poble, de la presentaci\u00f3 d'un nou grup de dansa i de la visita dels descendents del mestre Antonio Mora al poble. Tamb\u00e9 escoltarem a Laia en 'El poble llig' i","twitter:image":"https:\/\/elcabilo.com\/radio\/files\/2023\/01\/cropped-logo_radio-1.gif"},"aioseo_meta_data":{"post_id":"964","title":null,"description":null,"keywords":null,"keyphrases":null,"primary_term":null,"canonical_url":null,"og_title":null,"og_description":null,"og_object_type":"default","og_image_type":"default","og_image_url":null,"og_image_width":null,"og_image_height":null,"og_image_custom_url":null,"og_image_custom_fields":null,"og_video":null,"og_custom_url":null,"og_article_section":null,"og_article_tags":null,"twitter_use_og":false,"twitter_card":"default","twitter_image_type":"default","twitter_image_url":null,"twitter_image_custom_url":null,"twitter_image_custom_fields":null,"twitter_title":null,"twitter_description":null,"schema":{"blockGraphs":[],"customGraphs":[],"default":{"data":{"Article":[],"Course":[],"Dataset":[],"FAQPage":[],"Movie":[],"Person":[],"Product":[],"ProductReview":[],"Car":[],"Recipe":[],"Service":[],"SoftwareApplication":[],"WebPage":[]},"graphName":"","isEnabled":true},"graphs":[]},"schema_type":"default","schema_type_options":null,"pillar_content":false,"robots_default":true,"robots_noindex":false,"robots_noarchive":false,"robots_nosnippet":false,"robots_nofollow":false,"robots_noimageindex":false,"robots_noodp":false,"robots_notranslate":false,"robots_max_snippet":null,"robots_max_videopreview":null,"robots_max_imagepreview":"large","priority":null,"frequency":null,"local_seo":null,"breadcrumb_settings":null,"limit_modified_date":false,"ai":null,"created":"2023-01-27 22:09:38","updated":"2025-06-08 19:05:49","seo_analyzer_scan_date":null,"focus_keyword":null,"additional_keywords":null,"truseo_locale":null},"aioseo_breadcrumb":"<div class=\"aioseo-breadcrumbs\"><span class=\"aioseo-breadcrumb\">\n\t\t\t<a href=\"https:\/\/elcabilo.com\/radio\" title=\"Home\">Home<\/a>\n\t\t<\/span><span class=\"aioseo-breadcrumb-separator\">&raquo;<\/span><span class=\"aioseo-breadcrumb\">\n\t\t\t<a href=\"https:\/\/elcabilo.com\/radio\/category\/programes\/\" title=\"Programes\">Programes<\/a>\n\t\t<\/span><span class=\"aioseo-breadcrumb-separator\">&raquo;<\/span><span class=\"aioseo-breadcrumb\">\n\t\t\t<a href=\"https:\/\/elcabilo.com\/radio\/category\/programes\/la-coveta-dels-somnis\/\" title=\"La coveta dels somnis\">La coveta dels somnis<\/a>\n\t\t<\/span><span class=\"aioseo-breadcrumb-separator\">&raquo;<\/span><span class=\"aioseo-breadcrumb\">\n\t\t\tLa coveta dels somnis: 7\u00e9 programa\n\t\t<\/span><\/div>","aioseo_breadcrumb_json":[{"label":"Home","link":"https:\/\/elcabilo.com\/radio"},{"label":"Programes","link":"https:\/\/elcabilo.com\/radio\/category\/programes\/"},{"label":"La coveta dels somnis","link":"https:\/\/elcabilo.com\/radio\/category\/programes\/la-coveta-dels-somnis\/"},{"label":"La coveta dels somnis: 7\u00e9 programa","link":"https:\/\/elcabilo.com\/radio\/2013\/08\/11\/la-coveta-dels-somnis-7e-programa\/"}],"_links":{"self":[{"href":"https:\/\/elcabilo.com\/radio\/wp-json\/wp\/v2\/posts\/964","targetHints":{"allow":["GET"]}}],"collection":[{"href":"https:\/\/elcabilo.com\/radio\/wp-json\/wp\/v2\/posts"}],"about":[{"href":"https:\/\/elcabilo.com\/radio\/wp-json\/wp\/v2\/types\/post"}],"author":[{"embeddable":true,"href":"https:\/\/elcabilo.com\/radio\/wp-json\/wp\/v2\/users\/272"}],"replies":[{"embeddable":true,"href":"https:\/\/elcabilo.com\/radio\/wp-json\/wp\/v2\/comments?post=964"}],"version-history":[{"count":0,"href":"https:\/\/elcabilo.com\/radio\/wp-json\/wp\/v2\/posts\/964\/revisions"}],"wp:featuredmedia":[{"embeddable":true,"href":"https:\/\/elcabilo.com\/radio\/wp-json\/wp\/v2\/media\/467"}],"wp:attachment":[{"href":"https:\/\/elcabilo.com\/radio\/wp-json\/wp\/v2\/media?parent=964"}],"wp:term":[{"taxonomy":"category","embeddable":true,"href":"https:\/\/elcabilo.com\/radio\/wp-json\/wp\/v2\/categories?post=964"},{"taxonomy":"post_tag","embeddable":true,"href":"https:\/\/elcabilo.com\/radio\/wp-json\/wp\/v2\/tags?post=964"}],"curies":[{"name":"wp","href":"https:\/\/api.w.org\/{rel}","templated":true}]}}