{"id":979,"date":"2013-09-02T00:00:13","date_gmt":"2013-09-01T22:00:13","guid":{"rendered":"http:\/\/elcabilo.com\/radio\/?p=979"},"modified":"2013-09-01T20:58:04","modified_gmt":"2013-09-01T18:58:04","slug":"joc-i-partida-8e-programa","status":"publish","type":"post","link":"https:\/\/elcabilo.com\/radio\/2013\/09\/02\/joc-i-partida-8e-programa\/","title":{"rendered":"Joc i partida: 8\u00e9 programa"},"content":{"rendered":"<p style=\"text-align: justify;\">Avui, en l\u2019actualitat parlarem de la lliga de perxa, de l\u2019inici de l\u2019escola de pilota i d\u2019algunes partides de festes on els nostres pilotaris han sigut protagonistes.<\/p>\n<p style=\"text-align: justify;\">Despr\u00e9s a l\u2019espai dedicat al vocabulari pilotaire coneixerem un poc m\u00e9s alguns colps de pilota.<\/p>\n<p style=\"text-align: justify;\">A l\u2019apartat d\u2019entrevistes, tindrem en nosaltres a Luis Soler, pilotari del anys 70-80 del club de Pilota Sella.<\/p>\n<p style=\"text-align: justify;\">I, per \u00faltim, en la secci\u00f3 la pilota en la mem\u00f2ria, pod<span style=\"font-size: 13px; line-height: 19px;\">rem gaudir d\u2019un gran aficionat a la pilota valenciana com es Pablo Gim\u00e9nez.<\/span><\/p>\n<p style=\"text-align: center;\"><a class=\"{skin:'blue', animate:true, width:'200', volume:0.6, autoplay:false, loop:false, showVolumeLevel:true, showTime:true, showRew:true, downloadable:true, downloadablesecurity:false, id3: false}\" id=\"mbmaplayer_1378061726603\" href=\"http:\/\/archive.org\/download\/Joc_i_partida8\/Joc_i_partida_8.mp3\">Joc i partida: 8\u00e9 programa<\/a><span class=\"map_params\" style=\"display: block; width: 100px; font-family: arial, sans-serif; padding: 5px; border-radius: 7px; background: #6f6f6f; color: #fff; text-decoration: none;\"> \u25b6 custom player<\/span><\/p>\n","protected":false},"excerpt":{"rendered":"<p>Avui, en l\u2019actualitat parlarem de la lliga de perxa, de l\u2019inici de l\u2019escola de pilota i d\u2019algunes partides de festes on els nostres pilotaris han sigut protagonistes. Despr\u00e9s a l\u2019espai dedicat al vocabulari pilotaire coneixerem un poc m\u00e9s alguns colps de pilota. A l\u2019apartat d\u2019entrevistes, tindrem en nosaltres a Luis Soler, pilotari del anys 70-80 [&hellip;]<\/p>\n","protected":false},"author":272,"featured_media":985,"comment_status":"open","ping_status":"open","sticky":false,"template":"","format":"standard","meta":{"_exactmetrics_skip_tracking":false,"footnotes":""},"categories":[8],"tags":[],"class_list":["post-979","post","type-post","status-publish","format-standard","has-post-thumbnail","hentry","category-joc-i-partida"],"aioseo_notices":[],"aioseo_head":"\n\t\t<!-- All in One SEO 5.0.1 - aioseo.com -->\n\t<meta name=\"description\" content=\"Avui, en l\u2019actualitat parlarem de la lliga de perxa, de l\u2019inici de l\u2019escola de pilota i d\u2019algunes partides de festes on els nostres pilotaris han sigut protagonistes. Despr\u00e9s a l\u2019espai dedicat al vocabulari pilotaire coneixerem un poc m\u00e9s alguns colps de pilota. A l\u2019apartat d\u2019entrevistes, tindrem en nosaltres a Luis Soler, pilotari del anys 70-80\" \/>\n\t<meta name=\"robots\" content=\"max-image-preview:large\" \/>\n\t<meta name=\"author\" content=\"radio\"\/>\n\t<link rel=\"canonical\" href=\"https:\/\/elcabilo.com\/radio\/2013\/09\/02\/joc-i-partida-8e-programa\/\" \/>\n\t<meta name=\"generator\" content=\"All in One SEO (AIOSEO) 5.0.1\" \/>\n\t\t<meta property=\"og:locale\" content=\"ca_ES\" \/>\n\t\t<meta property=\"og:site_name\" content=\"Cabil\u00f3R\u00e0dio - La r\u00e0dio online de Sella\" \/>\n\t\t<meta property=\"og:type\" content=\"article\" \/>\n\t\t<meta property=\"og:title\" content=\"Joc i partida: 8\u00e9 programa - Cabil\u00f3R\u00e0dio\" \/>\n\t\t<meta property=\"og:description\" content=\"Avui, en l\u2019actualitat parlarem de la lliga de perxa, de l\u2019inici de l\u2019escola de pilota i d\u2019algunes partides de festes on els nostres pilotaris han sigut protagonistes. Despr\u00e9s a l\u2019espai dedicat al vocabulari pilotaire coneixerem un poc m\u00e9s alguns colps de pilota. A l\u2019apartat d\u2019entrevistes, tindrem en nosaltres a Luis Soler, pilotari del anys 70-80\" \/>\n\t\t<meta property=\"og:url\" content=\"https:\/\/elcabilo.com\/radio\/2013\/09\/02\/joc-i-partida-8e-programa\/\" \/>\n\t\t<meta property=\"og:image\" content=\"https:\/\/elcabilo.com\/radio\/files\/2023\/01\/cropped-logo_radio-1.gif\" \/>\n\t\t<meta property=\"og:image:secure_url\" content=\"https:\/\/elcabilo.com\/radio\/files\/2023\/01\/cropped-logo_radio-1.gif\" \/>\n\t\t<meta property=\"article:published_time\" content=\"2013-09-01T22:00:13+00:00\" \/>\n\t\t<meta property=\"article:modified_time\" content=\"2013-09-01T18:58:04+00:00\" \/>\n\t\t<meta name=\"twitter:card\" content=\"summary_large_image\" \/>\n\t\t<meta name=\"twitter:title\" content=\"Joc i partida: 8\u00e9 programa - Cabil\u00f3R\u00e0dio\" \/>\n\t\t<meta name=\"twitter:description\" content=\"Avui, en l\u2019actualitat parlarem de la lliga de perxa, de l\u2019inici de l\u2019escola de pilota i d\u2019algunes partides de festes on els nostres pilotaris han sigut protagonistes. Despr\u00e9s a l\u2019espai dedicat al vocabulari pilotaire coneixerem un poc m\u00e9s alguns colps de pilota. A l\u2019apartat d\u2019entrevistes, tindrem en nosaltres a Luis Soler, pilotari del anys 70-80\" \/>\n\t\t<meta name=\"twitter:image\" content=\"https:\/\/elcabilo.com\/radio\/files\/2023\/01\/cropped-logo_radio-1.gif\" \/>\n\t\t<script type=\"application\/ld+json\" class=\"aioseo-schema\">\n\t\t\t{\"@context\":\"https:\\\/\\\/schema.org\",\"@graph\":[{\"@type\":\"BlogPosting\",\"@id\":\"https:\\\/\\\/elcabilo.com\\\/radio\\\/2013\\\/09\\\/02\\\/joc-i-partida-8e-programa\\\/#blogposting\",\"name\":\"Joc i partida: 8\\u00e9 programa - Cabil\\u00f3R\\u00e0dio\",\"headline\":\"Joc i partida: 8\\u00e9 programa\",\"author\":{\"@id\":\"https:\\\/\\\/elcabilo.com\\\/radio\\\/author\\\/radio\\\/#author\"},\"publisher\":{\"@id\":\"https:\\\/\\\/elcabilo.com\\\/radio\\\/#organization\"},\"image\":{\"@type\":\"ImageObject\",\"url\":\"https:\\\/\\\/elcabilo.com\\\/radio\\\/files\\\/2013\\\/09\\\/luis-vicente-alacant-001.jpg\",\"width\":680,\"height\":478},\"datePublished\":\"2013-09-02T00:00:13+02:00\",\"dateModified\":\"2013-09-01T20:58:04+02:00\",\"inLanguage\":\"ca\",\"commentCount\":2,\"mainEntityOfPage\":{\"@id\":\"https:\\\/\\\/elcabilo.com\\\/radio\\\/2013\\\/09\\\/02\\\/joc-i-partida-8e-programa\\\/#webpage\"},\"isPartOf\":{\"@id\":\"https:\\\/\\\/elcabilo.com\\\/radio\\\/2013\\\/09\\\/02\\\/joc-i-partida-8e-programa\\\/#webpage\"},\"articleSection\":\"Joc i partida\"},{\"@type\":\"BreadcrumbList\",\"@id\":\"https:\\\/\\\/elcabilo.com\\\/radio\\\/2013\\\/09\\\/02\\\/joc-i-partida-8e-programa\\\/#breadcrumblist\",\"itemListElement\":[{\"@type\":\"ListItem\",\"@id\":\"https:\\\/\\\/elcabilo.com\\\/radio#listItem\",\"position\":1,\"name\":\"Home\",\"item\":\"https:\\\/\\\/elcabilo.com\\\/radio\",\"nextItem\":{\"@type\":\"ListItem\",\"@id\":\"https:\\\/\\\/elcabilo.com\\\/radio\\\/category\\\/programes\\\/#listItem\",\"name\":\"Programes\"}},{\"@type\":\"ListItem\",\"@id\":\"https:\\\/\\\/elcabilo.com\\\/radio\\\/category\\\/programes\\\/#listItem\",\"position\":2,\"name\":\"Programes\",\"item\":\"https:\\\/\\\/elcabilo.com\\\/radio\\\/category\\\/programes\\\/\",\"nextItem\":{\"@type\":\"ListItem\",\"@id\":\"https:\\\/\\\/elcabilo.com\\\/radio\\\/category\\\/programes\\\/joc-i-partida\\\/#listItem\",\"name\":\"Joc i partida\"},\"previousItem\":{\"@type\":\"ListItem\",\"@id\":\"https:\\\/\\\/elcabilo.com\\\/radio#listItem\",\"name\":\"Home\"}},{\"@type\":\"ListItem\",\"@id\":\"https:\\\/\\\/elcabilo.com\\\/radio\\\/category\\\/programes\\\/joc-i-partida\\\/#listItem\",\"position\":3,\"name\":\"Joc i partida\",\"item\":\"https:\\\/\\\/elcabilo.com\\\/radio\\\/category\\\/programes\\\/joc-i-partida\\\/\",\"nextItem\":{\"@type\":\"ListItem\",\"@id\":\"https:\\\/\\\/elcabilo.com\\\/radio\\\/2013\\\/09\\\/02\\\/joc-i-partida-8e-programa\\\/#listItem\",\"name\":\"Joc i partida: 8\\u00e9 programa\"},\"previousItem\":{\"@type\":\"ListItem\",\"@id\":\"https:\\\/\\\/elcabilo.com\\\/radio\\\/category\\\/programes\\\/#listItem\",\"name\":\"Programes\"}},{\"@type\":\"ListItem\",\"@id\":\"https:\\\/\\\/elcabilo.com\\\/radio\\\/2013\\\/09\\\/02\\\/joc-i-partida-8e-programa\\\/#listItem\",\"position\":4,\"name\":\"Joc i partida: 8\\u00e9 programa\",\"previousItem\":{\"@type\":\"ListItem\",\"@id\":\"https:\\\/\\\/elcabilo.com\\\/radio\\\/category\\\/programes\\\/joc-i-partida\\\/#listItem\",\"name\":\"Joc i partida\"}}]},{\"@type\":\"Organization\",\"@id\":\"https:\\\/\\\/elcabilo.com\\\/radio\\\/#organization\",\"name\":\"Cabil\\u00f3 R\\u00e0dio\",\"description\":\"La r\\u00e0dio online de Sella\",\"url\":\"https:\\\/\\\/elcabilo.com\\\/radio\\\/\",\"logo\":{\"@type\":\"ImageObject\",\"url\":\"https:\\\/\\\/elcabilo.com\\\/radio\\\/files\\\/2023\\\/01\\\/cropped-logo_radio-1.gif\",\"@id\":\"https:\\\/\\\/elcabilo.com\\\/radio\\\/2013\\\/09\\\/02\\\/joc-i-partida-8e-programa\\\/#organizationLogo\",\"width\":250,\"height\":50},\"image\":{\"@id\":\"https:\\\/\\\/elcabilo.com\\\/radio\\\/2013\\\/09\\\/02\\\/joc-i-partida-8e-programa\\\/#organizationLogo\"}},{\"@type\":\"Person\",\"@id\":\"https:\\\/\\\/elcabilo.com\\\/radio\\\/author\\\/radio\\\/#author\",\"url\":\"https:\\\/\\\/elcabilo.com\\\/radio\\\/author\\\/radio\\\/\",\"name\":\"radio\",\"image\":{\"@type\":\"ImageObject\",\"@id\":\"https:\\\/\\\/elcabilo.com\\\/radio\\\/2013\\\/09\\\/02\\\/joc-i-partida-8e-programa\\\/#authorImage\",\"url\":\"https:\\\/\\\/secure.gravatar.com\\\/avatar\\\/bb687b465db46b8e9255d0921cc346091032a91fe77f93721088d5decb8a2d1a?s=96&d=mm&r=g\",\"width\":96,\"height\":96,\"caption\":\"radio\"}},{\"@type\":\"WebPage\",\"@id\":\"https:\\\/\\\/elcabilo.com\\\/radio\\\/2013\\\/09\\\/02\\\/joc-i-partida-8e-programa\\\/#webpage\",\"url\":\"https:\\\/\\\/elcabilo.com\\\/radio\\\/2013\\\/09\\\/02\\\/joc-i-partida-8e-programa\\\/\",\"name\":\"Joc i partida: 8\\u00e9 programa - Cabil\\u00f3R\\u00e0dio\",\"description\":\"Avui, en l\\u2019actualitat parlarem de la lliga de perxa, de l\\u2019inici de l\\u2019escola de pilota i d\\u2019algunes partides de festes on els nostres pilotaris han sigut protagonistes. Despr\\u00e9s a l\\u2019espai dedicat al vocabulari pilotaire coneixerem un poc m\\u00e9s alguns colps de pilota. A l\\u2019apartat d\\u2019entrevistes, tindrem en nosaltres a Luis Soler, pilotari del anys 70-80\",\"inLanguage\":\"ca\",\"isPartOf\":{\"@id\":\"https:\\\/\\\/elcabilo.com\\\/radio\\\/#website\"},\"breadcrumb\":{\"@id\":\"https:\\\/\\\/elcabilo.com\\\/radio\\\/2013\\\/09\\\/02\\\/joc-i-partida-8e-programa\\\/#breadcrumblist\"},\"author\":{\"@id\":\"https:\\\/\\\/elcabilo.com\\\/radio\\\/author\\\/radio\\\/#author\"},\"creator\":{\"@id\":\"https:\\\/\\\/elcabilo.com\\\/radio\\\/author\\\/radio\\\/#author\"},\"image\":{\"@type\":\"ImageObject\",\"url\":\"https:\\\/\\\/elcabilo.com\\\/radio\\\/files\\\/2013\\\/09\\\/luis-vicente-alacant-001.jpg\",\"@id\":\"https:\\\/\\\/elcabilo.com\\\/radio\\\/2013\\\/09\\\/02\\\/joc-i-partida-8e-programa\\\/#mainImage\",\"width\":680,\"height\":478},\"primaryImageOfPage\":{\"@id\":\"https:\\\/\\\/elcabilo.com\\\/radio\\\/2013\\\/09\\\/02\\\/joc-i-partida-8e-programa\\\/#mainImage\"},\"datePublished\":\"2013-09-02T00:00:13+02:00\",\"dateModified\":\"2013-09-01T20:58:04+02:00\"},{\"@type\":\"WebSite\",\"@id\":\"https:\\\/\\\/elcabilo.com\\\/radio\\\/#website\",\"url\":\"https:\\\/\\\/elcabilo.com\\\/radio\\\/\",\"name\":\"Cabil\\u00f3 R\\u00e0dio\",\"description\":\"La r\\u00e0dio online de Sella\",\"inLanguage\":\"ca\",\"publisher\":{\"@id\":\"https:\\\/\\\/elcabilo.com\\\/radio\\\/#organization\"}}]}\n\t\t<\/script>\n\t\t<!-- All in One SEO -->\n\n","aioseo_head_json":{"title":"Joc i partida: 8\u00e9 programa - Cabil\u00f3R\u00e0dio","description":"Avui, en l\u2019actualitat parlarem de la lliga de perxa, de l\u2019inici de l\u2019escola de pilota i d\u2019algunes partides de festes on els nostres pilotaris han sigut protagonistes. Despr\u00e9s a l\u2019espai dedicat al vocabulari pilotaire coneixerem un poc m\u00e9s alguns colps de pilota. A l\u2019apartat d\u2019entrevistes, tindrem en nosaltres a Luis Soler, pilotari del anys 70-80","canonical_url":"https:\/\/elcabilo.com\/radio\/2013\/09\/02\/joc-i-partida-8e-programa\/","robots":"max-image-preview:large","keywords":"","webmasterTools":{"miscellaneous":""},"schema":{"@context":"https:\/\/schema.org","@graph":[{"@type":"BlogPosting","@id":"https:\/\/elcabilo.com\/radio\/2013\/09\/02\/joc-i-partida-8e-programa\/#blogposting","name":"Joc i partida: 8\u00e9 programa - Cabil\u00f3R\u00e0dio","headline":"Joc i partida: 8\u00e9 programa","author":{"@id":"https:\/\/elcabilo.com\/radio\/author\/radio\/#author"},"publisher":{"@id":"https:\/\/elcabilo.com\/radio\/#organization"},"image":{"@type":"ImageObject","url":"https:\/\/elcabilo.com\/radio\/files\/2013\/09\/luis-vicente-alacant-001.jpg","width":680,"height":478},"datePublished":"2013-09-02T00:00:13+02:00","dateModified":"2013-09-01T20:58:04+02:00","inLanguage":"ca","commentCount":2,"mainEntityOfPage":{"@id":"https:\/\/elcabilo.com\/radio\/2013\/09\/02\/joc-i-partida-8e-programa\/#webpage"},"isPartOf":{"@id":"https:\/\/elcabilo.com\/radio\/2013\/09\/02\/joc-i-partida-8e-programa\/#webpage"},"articleSection":"Joc i partida"},{"@type":"BreadcrumbList","@id":"https:\/\/elcabilo.com\/radio\/2013\/09\/02\/joc-i-partida-8e-programa\/#breadcrumblist","itemListElement":[{"@type":"ListItem","@id":"https:\/\/elcabilo.com\/radio#listItem","position":1,"name":"Home","item":"https:\/\/elcabilo.com\/radio","nextItem":{"@type":"ListItem","@id":"https:\/\/elcabilo.com\/radio\/category\/programes\/#listItem","name":"Programes"}},{"@type":"ListItem","@id":"https:\/\/elcabilo.com\/radio\/category\/programes\/#listItem","position":2,"name":"Programes","item":"https:\/\/elcabilo.com\/radio\/category\/programes\/","nextItem":{"@type":"ListItem","@id":"https:\/\/elcabilo.com\/radio\/category\/programes\/joc-i-partida\/#listItem","name":"Joc i partida"},"previousItem":{"@type":"ListItem","@id":"https:\/\/elcabilo.com\/radio#listItem","name":"Home"}},{"@type":"ListItem","@id":"https:\/\/elcabilo.com\/radio\/category\/programes\/joc-i-partida\/#listItem","position":3,"name":"Joc i partida","item":"https:\/\/elcabilo.com\/radio\/category\/programes\/joc-i-partida\/","nextItem":{"@type":"ListItem","@id":"https:\/\/elcabilo.com\/radio\/2013\/09\/02\/joc-i-partida-8e-programa\/#listItem","name":"Joc i partida: 8\u00e9 programa"},"previousItem":{"@type":"ListItem","@id":"https:\/\/elcabilo.com\/radio\/category\/programes\/#listItem","name":"Programes"}},{"@type":"ListItem","@id":"https:\/\/elcabilo.com\/radio\/2013\/09\/02\/joc-i-partida-8e-programa\/#listItem","position":4,"name":"Joc i partida: 8\u00e9 programa","previousItem":{"@type":"ListItem","@id":"https:\/\/elcabilo.com\/radio\/category\/programes\/joc-i-partida\/#listItem","name":"Joc i partida"}}]},{"@type":"Organization","@id":"https:\/\/elcabilo.com\/radio\/#organization","name":"Cabil\u00f3 R\u00e0dio","description":"La r\u00e0dio online de Sella","url":"https:\/\/elcabilo.com\/radio\/","logo":{"@type":"ImageObject","url":"https:\/\/elcabilo.com\/radio\/files\/2023\/01\/cropped-logo_radio-1.gif","@id":"https:\/\/elcabilo.com\/radio\/2013\/09\/02\/joc-i-partida-8e-programa\/#organizationLogo","width":250,"height":50},"image":{"@id":"https:\/\/elcabilo.com\/radio\/2013\/09\/02\/joc-i-partida-8e-programa\/#organizationLogo"}},{"@type":"Person","@id":"https:\/\/elcabilo.com\/radio\/author\/radio\/#author","url":"https:\/\/elcabilo.com\/radio\/author\/radio\/","name":"radio","image":{"@type":"ImageObject","@id":"https:\/\/elcabilo.com\/radio\/2013\/09\/02\/joc-i-partida-8e-programa\/#authorImage","url":"https:\/\/secure.gravatar.com\/avatar\/bb687b465db46b8e9255d0921cc346091032a91fe77f93721088d5decb8a2d1a?s=96&d=mm&r=g","width":96,"height":96,"caption":"radio"}},{"@type":"WebPage","@id":"https:\/\/elcabilo.com\/radio\/2013\/09\/02\/joc-i-partida-8e-programa\/#webpage","url":"https:\/\/elcabilo.com\/radio\/2013\/09\/02\/joc-i-partida-8e-programa\/","name":"Joc i partida: 8\u00e9 programa - Cabil\u00f3R\u00e0dio","description":"Avui, en l\u2019actualitat parlarem de la lliga de perxa, de l\u2019inici de l\u2019escola de pilota i d\u2019algunes partides de festes on els nostres pilotaris han sigut protagonistes. Despr\u00e9s a l\u2019espai dedicat al vocabulari pilotaire coneixerem un poc m\u00e9s alguns colps de pilota. A l\u2019apartat d\u2019entrevistes, tindrem en nosaltres a Luis Soler, pilotari del anys 70-80","inLanguage":"ca","isPartOf":{"@id":"https:\/\/elcabilo.com\/radio\/#website"},"breadcrumb":{"@id":"https:\/\/elcabilo.com\/radio\/2013\/09\/02\/joc-i-partida-8e-programa\/#breadcrumblist"},"author":{"@id":"https:\/\/elcabilo.com\/radio\/author\/radio\/#author"},"creator":{"@id":"https:\/\/elcabilo.com\/radio\/author\/radio\/#author"},"image":{"@type":"ImageObject","url":"https:\/\/elcabilo.com\/radio\/files\/2013\/09\/luis-vicente-alacant-001.jpg","@id":"https:\/\/elcabilo.com\/radio\/2013\/09\/02\/joc-i-partida-8e-programa\/#mainImage","width":680,"height":478},"primaryImageOfPage":{"@id":"https:\/\/elcabilo.com\/radio\/2013\/09\/02\/joc-i-partida-8e-programa\/#mainImage"},"datePublished":"2013-09-02T00:00:13+02:00","dateModified":"2013-09-01T20:58:04+02:00"},{"@type":"WebSite","@id":"https:\/\/elcabilo.com\/radio\/#website","url":"https:\/\/elcabilo.com\/radio\/","name":"Cabil\u00f3 R\u00e0dio","description":"La r\u00e0dio online de Sella","inLanguage":"ca","publisher":{"@id":"https:\/\/elcabilo.com\/radio\/#organization"}}]},"og:locale":"ca_ES","og:site_name":"Cabil\u00f3R\u00e0dio - La r\u00e0dio online de Sella","og:type":"article","og:title":"Joc i partida: 8\u00e9 programa - Cabil\u00f3R\u00e0dio","og:description":"Avui, en l\u2019actualitat parlarem de la lliga de perxa, de l\u2019inici de l\u2019escola de pilota i d\u2019algunes partides de festes on els nostres pilotaris han sigut protagonistes. Despr\u00e9s a l\u2019espai dedicat al vocabulari pilotaire coneixerem un poc m\u00e9s alguns colps de pilota. A l\u2019apartat d\u2019entrevistes, tindrem en nosaltres a Luis Soler, pilotari del anys 70-80","og:url":"https:\/\/elcabilo.com\/radio\/2013\/09\/02\/joc-i-partida-8e-programa\/","og:image":"https:\/\/elcabilo.com\/radio\/files\/2023\/01\/cropped-logo_radio-1.gif","og:image:secure_url":"https:\/\/elcabilo.com\/radio\/files\/2023\/01\/cropped-logo_radio-1.gif","article:published_time":"2013-09-01T22:00:13+00:00","article:modified_time":"2013-09-01T18:58:04+00:00","twitter:card":"summary_large_image","twitter:title":"Joc i partida: 8\u00e9 programa - Cabil\u00f3R\u00e0dio","twitter:description":"Avui, en l\u2019actualitat parlarem de la lliga de perxa, de l\u2019inici de l\u2019escola de pilota i d\u2019algunes partides de festes on els nostres pilotaris han sigut protagonistes. Despr\u00e9s a l\u2019espai dedicat al vocabulari pilotaire coneixerem un poc m\u00e9s alguns colps de pilota. A l\u2019apartat d\u2019entrevistes, tindrem en nosaltres a Luis Soler, pilotari del anys 70-80","twitter:image":"https:\/\/elcabilo.com\/radio\/files\/2023\/01\/cropped-logo_radio-1.gif"},"aioseo_meta_data":{"post_id":"979","title":null,"description":null,"keywords":null,"keyphrases":null,"primary_term":null,"canonical_url":null,"og_title":null,"og_description":null,"og_object_type":"default","og_image_type":"default","og_image_url":null,"og_image_width":null,"og_image_height":null,"og_image_custom_url":null,"og_image_custom_fields":null,"og_video":null,"og_custom_url":null,"og_article_section":null,"og_article_tags":null,"twitter_use_og":false,"twitter_card":"default","twitter_image_type":"default","twitter_image_url":null,"twitter_image_custom_url":null,"twitter_image_custom_fields":null,"twitter_title":null,"twitter_description":null,"schema":{"blockGraphs":[],"customGraphs":[],"default":{"data":{"Article":[],"Course":[],"Dataset":[],"FAQPage":[],"Movie":[],"Person":[],"Product":[],"ProductReview":[],"Car":[],"Recipe":[],"Service":[],"SoftwareApplication":[],"WebPage":[]},"graphName":"","isEnabled":true},"graphs":[]},"schema_type":"default","schema_type_options":null,"pillar_content":false,"robots_default":true,"robots_noindex":false,"robots_noarchive":false,"robots_nosnippet":false,"robots_nofollow":false,"robots_noimageindex":false,"robots_noodp":false,"robots_notranslate":false,"robots_max_snippet":null,"robots_max_videopreview":null,"robots_max_imagepreview":"large","priority":null,"frequency":null,"local_seo":null,"breadcrumb_settings":null,"limit_modified_date":false,"ai":null,"created":"2023-01-27 22:09:38","updated":"2025-06-08 19:05:49","seo_analyzer_scan_date":null,"focus_keyword":null,"additional_keywords":null,"truseo_locale":null},"aioseo_breadcrumb":"<div class=\"aioseo-breadcrumbs\"><span class=\"aioseo-breadcrumb\">\n\t\t\t<a href=\"https:\/\/elcabilo.com\/radio\" title=\"Home\">Home<\/a>\n\t\t<\/span><span class=\"aioseo-breadcrumb-separator\">&raquo;<\/span><span class=\"aioseo-breadcrumb\">\n\t\t\t<a href=\"https:\/\/elcabilo.com\/radio\/category\/programes\/\" title=\"Programes\">Programes<\/a>\n\t\t<\/span><span class=\"aioseo-breadcrumb-separator\">&raquo;<\/span><span class=\"aioseo-breadcrumb\">\n\t\t\t<a href=\"https:\/\/elcabilo.com\/radio\/category\/programes\/joc-i-partida\/\" title=\"Joc i partida\">Joc i partida<\/a>\n\t\t<\/span><span class=\"aioseo-breadcrumb-separator\">&raquo;<\/span><span class=\"aioseo-breadcrumb\">\n\t\t\tJoc i partida: 8\u00e9 programa\n\t\t<\/span><\/div>","aioseo_breadcrumb_json":[{"label":"Home","link":"https:\/\/elcabilo.com\/radio"},{"label":"Programes","link":"https:\/\/elcabilo.com\/radio\/category\/programes\/"},{"label":"Joc i partida","link":"https:\/\/elcabilo.com\/radio\/category\/programes\/joc-i-partida\/"},{"label":"Joc i partida: 8\u00e9 programa","link":"https:\/\/elcabilo.com\/radio\/2013\/09\/02\/joc-i-partida-8e-programa\/"}],"_links":{"self":[{"href":"https:\/\/elcabilo.com\/radio\/wp-json\/wp\/v2\/posts\/979","targetHints":{"allow":["GET"]}}],"collection":[{"href":"https:\/\/elcabilo.com\/radio\/wp-json\/wp\/v2\/posts"}],"about":[{"href":"https:\/\/elcabilo.com\/radio\/wp-json\/wp\/v2\/types\/post"}],"author":[{"embeddable":true,"href":"https:\/\/elcabilo.com\/radio\/wp-json\/wp\/v2\/users\/272"}],"replies":[{"embeddable":true,"href":"https:\/\/elcabilo.com\/radio\/wp-json\/wp\/v2\/comments?post=979"}],"version-history":[{"count":0,"href":"https:\/\/elcabilo.com\/radio\/wp-json\/wp\/v2\/posts\/979\/revisions"}],"wp:featuredmedia":[{"embeddable":true,"href":"https:\/\/elcabilo.com\/radio\/wp-json\/wp\/v2\/media\/985"}],"wp:attachment":[{"href":"https:\/\/elcabilo.com\/radio\/wp-json\/wp\/v2\/media?parent=979"}],"wp:term":[{"taxonomy":"category","embeddable":true,"href":"https:\/\/elcabilo.com\/radio\/wp-json\/wp\/v2\/categories?post=979"},{"taxonomy":"post_tag","embeddable":true,"href":"https:\/\/elcabilo.com\/radio\/wp-json\/wp\/v2\/tags?post=979"}],"curies":[{"name":"wp","href":"https:\/\/api.w.org\/{rel}","templated":true}]}}